{"id":612,"date":"2026-05-02T17:00:00","date_gmt":"2026-05-02T15:00:00","guid":{"rendered":"http:\/\/taoravao.com\/?p=612"},"modified":"2026-05-02T17:43:27","modified_gmt":"2026-05-02T15:43:27","slug":"concerts-spectacles-deja-passes","status":"publish","type":"post","link":"https:\/\/taoravao.com\/index.php\/2026\/05\/02\/concerts-spectacles-deja-passes\/","title":{"rendered":"Concerts &#038; Spectacles d\u00e9j\u00e0 pass\u00e9s"},"content":{"rendered":"\n<p class=\"has-text-align-center has-white-color has-text-color has-background\" style=\"background-color:#940201\"><strong>Concerts &amp; Spectacles d\u00e9j\u00e0 pass\u00e9s<\/strong><\/p>\n\n\n\n<p><\/p>\n\n\n\n<hr class=\"wp-block-separator has-alpha-channel-opacity\"\/>\n\n\n<div class=\"wp-block-image\">\n<figure class=\"aligncenter size-large is-resized\"><img loading=\"lazy\" decoding=\"async\" width=\"772\" height=\"1024\" src=\"https:\/\/taoravao.com\/wp-content\/uploads\/2025\/11\/2026-03-20-lecture-Gombessa-Tao-772x1024.jpg\" alt=\"\" class=\"wp-image-1468\" style=\"aspect-ratio:0.7580246913580246;width:193px;height:auto\" srcset=\"https:\/\/taoravao.com\/wp-content\/uploads\/2025\/11\/2026-03-20-lecture-Gombessa-Tao-772x1024.jpg 772w, https:\/\/taoravao.com\/wp-content\/uploads\/2025\/11\/2026-03-20-lecture-Gombessa-Tao-226x300.jpg 226w, https:\/\/taoravao.com\/wp-content\/uploads\/2025\/11\/2026-03-20-lecture-Gombessa-Tao-768x1019.jpg 768w, https:\/\/taoravao.com\/wp-content\/uploads\/2025\/11\/2026-03-20-lecture-Gombessa-Tao-1158x1536.jpg 1158w, https:\/\/taoravao.com\/wp-content\/uploads\/2025\/11\/2026-03-20-lecture-Gombessa-Tao.jpg 1440w\" sizes=\"auto, (max-width: 772px) 100vw, 772px\" \/><\/figure>\n<\/div>\n\n\n<p class=\"has-text-align-center\"><strong>20.03.2026 TAO RAVAO et Za\u00efna DJAILANI<\/strong><br>Lecture musicale \u00e0 la <strong><a href=\"https:\/\/openagenda.com\/fr\/madagascar-musiques-net-agenda\/events\/tao-ravao-et-zaina-djailani-a-paris-75\" target=\"_blank\" rel=\"noreferrer noopener\">librairie L&rsquo;ACACIA \u00e0 Paris (75003)<\/a><\/strong><\/p>\n\n\n\n<hr class=\"wp-block-separator has-alpha-channel-opacity\"\/>\n\n\n\n<p class=\"has-text-align-center\"><strong>du 17 au 25.01.2026 TAO RAVAO &amp; Jean-Luc RAHARIMANANA<br> \u00ab\u00a0<em><a href=\"\/index.php\/theatre\/rano-rano\/\">Rano, Rano<\/a><\/em>\u00a0\u00bb  \u00e0 <a href=\"https:\/\/astronef.org\/\">L&rsquo;Astronef<\/a> \u00e0 Marseille (13)<\/strong><\/p>\n\n\n\n<hr class=\"wp-block-separator has-alpha-channel-opacity\"\/>\n\n\n<div class=\"wp-block-image\">\n<figure class=\"aligncenter size-large is-resized\"><img loading=\"lazy\" decoding=\"async\" width=\"1024\" height=\"678\" src=\"https:\/\/taoravao.com\/wp-content\/uploads\/2021\/07\/logo-LaMusardiere-1024x678.jpg\" alt=\"\" class=\"wp-image-1038\" style=\"width:207px;height:auto\" srcset=\"https:\/\/taoravao.com\/wp-content\/uploads\/2021\/07\/logo-LaMusardiere-1024x678.jpg 1024w, https:\/\/taoravao.com\/wp-content\/uploads\/2021\/07\/logo-LaMusardiere-300x199.jpg 300w, https:\/\/taoravao.com\/wp-content\/uploads\/2021\/07\/logo-LaMusardiere-768x508.jpg 768w, https:\/\/taoravao.com\/wp-content\/uploads\/2021\/07\/logo-LaMusardiere-1536x1017.jpg 1536w, https:\/\/taoravao.com\/wp-content\/uploads\/2021\/07\/logo-LaMusardiere-453x300.jpg 453w, https:\/\/taoravao.com\/wp-content\/uploads\/2021\/07\/logo-LaMusardiere.jpg 1890w\" sizes=\"auto, (max-width: 1024px) 100vw, 1024px\" \/><\/figure>\n<\/div>\n\n\n<p class=\"has-text-align-center\"><strong>06.09.2025 TAO RAVAO, Vincent BUCHER et Jean-No\u00ebl GODARD en trio<\/strong><br><strong>\u00e0&nbsp;<a href=\"https:\/\/lamusardiere-saintes.fr\/agenda\/\">La Musardi\u00e8re \u2013 Saintes (17)<\/a><\/strong><\/p>\n\n\n\n<hr class=\"wp-block-separator has-alpha-channel-opacity\"\/>\n\n\n<div class=\"wp-block-image\">\n<figure class=\"aligncenter size-full is-resized\"><img loading=\"lazy\" decoding=\"async\" width=\"560\" height=\"700\" src=\"https:\/\/taoravao.com\/wp-content\/uploads\/2025\/04\/2025-06-20-tao-afrika-1.jpg\" alt=\"\" class=\"wp-image-1440\" style=\"width:174px;height:auto\" srcset=\"https:\/\/taoravao.com\/wp-content\/uploads\/2025\/04\/2025-06-20-tao-afrika-1.jpg 560w, https:\/\/taoravao.com\/wp-content\/uploads\/2025\/04\/2025-06-20-tao-afrika-1-240x300.jpg 240w\" sizes=\"auto, (max-width: 560px) 100vw, 560px\" \/><\/figure>\n<\/div>\n\n\n<p class=\"has-text-align-center\"><strong>du 17 au 20.07.2025  TAO RAVAO \u00e0 Bayreuth (Allemagne)<\/strong><br>R\u00e9sidence et spectacle avec la sculptrice r\u00e9unionnaise <strong><a href=\"https:\/\/www.miglineparoumanou.com\/\">Migline Maroumanou<\/a><br><a href=\"https:\/\/wakadjo.de\/\">AFRIKA KARIBIK FESTIVAL<\/a><\/strong><\/p>\n\n\n\n<hr class=\"wp-block-separator has-alpha-channel-opacity\"\/>\n\n\n<div class=\"wp-block-image\">\n<figure class=\"aligncenter size-full is-resized\"><img loading=\"lazy\" decoding=\"async\" width=\"920\" height=\"390\" src=\"https:\/\/taoravao.com\/wp-content\/uploads\/2019\/03\/LaMaisonduBlues.jpg\" alt=\"La Maison du Blues \u00e0 41160 Saint Hilaire la Gravelle\" class=\"wp-image-688\" style=\"width:337px;height:auto\" srcset=\"https:\/\/taoravao.com\/wp-content\/uploads\/2019\/03\/LaMaisonduBlues.jpg 920w, https:\/\/taoravao.com\/wp-content\/uploads\/2019\/03\/LaMaisonduBlues-300x127.jpg 300w, https:\/\/taoravao.com\/wp-content\/uploads\/2019\/03\/LaMaisonduBlues-768x326.jpg 768w, https:\/\/taoravao.com\/wp-content\/uploads\/2019\/03\/LaMaisonduBlues-500x212.jpg 500w\" sizes=\"auto, (max-width: 920px) 100vw, 920px\" \/><\/figure>\n<\/div>\n\n\n<p class=\"has-text-align-center\"><strong>4 et 5.07.2025 TAO RAVAO, Vincent BUCHER et Jean-No\u00ebl GODARD<\/strong><br>\u00e0 la <strong><a href=\"https:\/\/www.lamaisondublues.fr\/d-tails-et-inscription\/tao-ravao-vincent-bucher-jean-noel-godard-fr\">Maison du Blues<\/a> 41160 Saint Hilaire la Gravelle<\/strong><\/p>\n\n\n\n<hr class=\"wp-block-separator has-alpha-channel-opacity\"\/>\n\n\n<div class=\"wp-block-image\">\n<figure class=\"aligncenter size-full is-resized\"><img loading=\"lazy\" decoding=\"async\" width=\"495\" height=\"700\" src=\"https:\/\/taoravao.com\/wp-content\/uploads\/2025\/03\/2025-06-20-TAO-GRIGNY.png\" alt=\"GRIGNY invite le monde 2025\" class=\"wp-image-1432\" style=\"width:247px;height:auto\" srcset=\"https:\/\/taoravao.com\/wp-content\/uploads\/2025\/03\/2025-06-20-TAO-GRIGNY.png 495w, https:\/\/taoravao.com\/wp-content\/uploads\/2025\/03\/2025-06-20-TAO-GRIGNY-212x300.png 212w\" sizes=\"auto, (max-width: 495px) 100vw, 495px\" \/><\/figure>\n<\/div>\n\n\n<p class=\"has-text-align-center\"><strong>du 24 au 28.06.2025 TAO RAVAO et Jean-Luc RAHARIMANANA<\/strong><br><strong>\u00ab\u00a0<a href=\"https:\/\/taoravao.com\/index.php\/jeune-public\/contes-de-la-grande-ile\/\"><em>Les contes de la grande \u00cele<\/em><\/a>\u00a0\u00bb \u00e0 Grigny (91)<br>Festival \u00ab\u00a0<a href=\"https:\/\/www.artsetcites.fr\/festival-grigny-invite-le-monde\/edition-2025\/\">Grigny invite le Monde !<\/a>\u00ab\u00a0<\/strong><br><strong>\u00e0 l&rsquo;occasion de la semaine internationale du th\u00e9\u00e2tre<\/strong><\/p>\n\n\n\n<hr class=\"wp-block-separator has-alpha-channel-opacity\"\/>\n\n\n<div class=\"wp-block-image\">\n<figure class=\"aligncenter size-full is-resized\"><img loading=\"lazy\" decoding=\"async\" width=\"357\" height=\"500\" src=\"https:\/\/taoravao.com\/wp-content\/uploads\/2025\/02\/affiche-mds-22_mars2025-villes-bat.jpg\" alt=\"\" class=\"wp-image-1426\" style=\"width:231px;height:auto\" srcset=\"https:\/\/taoravao.com\/wp-content\/uploads\/2025\/02\/affiche-mds-22_mars2025-villes-bat.jpg 357w, https:\/\/taoravao.com\/wp-content\/uploads\/2025\/02\/affiche-mds-22_mars2025-villes-bat-214x300.jpg 214w\" sizes=\"auto, (max-width: 357px) 100vw, 357px\" \/><\/figure>\n<\/div>\n\n\n<p class=\"has-text-align-center\"><strong>22.03.2025 TAO RAVAO et Jean-No\u00ebl GODARD en duo<br>Journ\u00e9e mondiale contre le racisme et le fascisme \u00e0<\/strong><br><strong>au March\u00e9 Saint-Pierre \u00e0 Saintes (17)<\/strong><\/p>\n\n\n\n<hr class=\"wp-block-separator has-alpha-channel-opacity\"\/>\n\n\n<div class=\"wp-block-image\">\n<figure class=\"aligncenter size-full is-resized\"><img loading=\"lazy\" decoding=\"async\" width=\"700\" height=\"700\" src=\"https:\/\/taoravao.com\/wp-content\/uploads\/2025\/02\/2025-03-16-LECTURE-MUSICALE-TAO.jpg\" alt=\"\" class=\"wp-image-1414\" style=\"width:234px;height:auto\" srcset=\"https:\/\/taoravao.com\/wp-content\/uploads\/2025\/02\/2025-03-16-LECTURE-MUSICALE-TAO.jpg 700w, https:\/\/taoravao.com\/wp-content\/uploads\/2025\/02\/2025-03-16-LECTURE-MUSICALE-TAO-300x300.jpg 300w, https:\/\/taoravao.com\/wp-content\/uploads\/2025\/02\/2025-03-16-LECTURE-MUSICALE-TAO-150x150.jpg 150w\" sizes=\"auto, (max-width: 700px) 100vw, 700px\" \/><\/figure>\n<\/div>\n\n\n<p class=\"has-text-align-center\"><strong>16.03.2025 TAO RAVAO, Jean Luc RAHARIMANANA et&nbsp;Nassuf DJAILANI<br>Lecture musicale au Salon du livre africain \u00e0 Paris <\/strong><br><strong>\u00e0 l&rsquo;occasion du lancement du recueil&nbsp;<em>Presque-songes<\/em>&nbsp;<\/strong><br><strong>de&nbsp;Jean-Joseph Rabearivelo, aux Editions Project&rsquo;\u00eeles<\/strong><\/p>\n\n\n\n<hr class=\"wp-block-separator has-alpha-channel-opacity\"\/>\n\n\n<div class=\"wp-block-image\">\n<figure class=\"aligncenter size-full is-resized\"><img loading=\"lazy\" decoding=\"async\" width=\"495\" height=\"700\" src=\"https:\/\/taoravao.com\/wp-content\/uploads\/2025\/02\/2025-03-14-15-TAO-CHIMERES-2025-noir-21x297-700.jpg\" alt=\"Tao Ravao et Vincent Bucher aux Chim\u00e8res\" class=\"wp-image-1408\" style=\"width:233px;height:auto\" srcset=\"https:\/\/taoravao.com\/wp-content\/uploads\/2025\/02\/2025-03-14-15-TAO-CHIMERES-2025-noir-21x297-700.jpg 495w, https:\/\/taoravao.com\/wp-content\/uploads\/2025\/02\/2025-03-14-15-TAO-CHIMERES-2025-noir-21x297-700-212x300.jpg 212w\" sizes=\"auto, (max-width: 495px) 100vw, 495px\" \/><\/figure>\n<\/div>\n\n\n<p class=\"has-text-align-center\"><strong>14 et 15.03 2025 TAO RAVAO et Vincent BUCHER en duo<br>aux <a href=\"https:\/\/www.leschimeres-brenne.fr\/\">CHIMER<\/a><a href=\"https:\/\/openagenda.com\/madagascar-musiques-net-agenda\/events\/tao-ravao-and-vincent-bucher-a-saint-gaultier-36?lang=fr\">ES<\/a> 36800 Saint-Gaultier<\/strong><\/p>\n\n\n\n<hr class=\"wp-block-separator has-alpha-channel-opacity\"\/>\n\n\n<div class=\"wp-block-image\">\n<figure class=\"aligncenter size-large is-resized\"><img loading=\"lazy\" decoding=\"async\" width=\"1024\" height=\"1024\" src=\"https:\/\/taoravao.com\/wp-content\/uploads\/2025\/02\/Carre-2025-ovale-Tao-Ravao-Vincent-Bucher-21-300p-1024x1024.jpg\" alt=\"\" class=\"wp-image-1402\" style=\"width:239px;height:auto\" srcset=\"https:\/\/taoravao.com\/wp-content\/uploads\/2025\/02\/Carre-2025-ovale-Tao-Ravao-Vincent-Bucher-21-300p-1024x1024.jpg 1024w, https:\/\/taoravao.com\/wp-content\/uploads\/2025\/02\/Carre-2025-ovale-Tao-Ravao-Vincent-Bucher-21-300p-300x300.jpg 300w, https:\/\/taoravao.com\/wp-content\/uploads\/2025\/02\/Carre-2025-ovale-Tao-Ravao-Vincent-Bucher-21-300p-150x150.jpg 150w, https:\/\/taoravao.com\/wp-content\/uploads\/2025\/02\/Carre-2025-ovale-Tao-Ravao-Vincent-Bucher-21-300p-768x768.jpg 768w, https:\/\/taoravao.com\/wp-content\/uploads\/2025\/02\/Carre-2025-ovale-Tao-Ravao-Vincent-Bucher-21-300p-1536x1536.jpg 1536w, https:\/\/taoravao.com\/wp-content\/uploads\/2025\/02\/Carre-2025-ovale-Tao-Ravao-Vincent-Bucher-21-300p-2048x2048.jpg 2048w\" sizes=\"auto, (max-width: 1024px) 100vw, 1024px\" \/><\/figure>\n<\/div>\n\n\n<hr class=\"wp-block-separator has-alpha-channel-opacity\"\/>\n\n\n\n<p class=\"has-text-align-center\"><strong>07.03.2025  Tao RAVAO &amp; Vincent BUCHER en duo<\/strong><br><strong><a href=\"https:\/\/www.jardindeverre.fr\/evenement\/cocodri-tao-ravao-et-vincent-bucher-festival-a-cup-of-blues\/\">au Jardin de Verre \u00e0 Cholet (49)<\/a><\/strong><\/p>\n\n\n\n<hr class=\"wp-block-separator has-alpha-channel-opacity\"\/>\n\n\n<div class=\"wp-block-image\">\n<figure class=\"aligncenter size-full is-resized\"><img loading=\"lazy\" decoding=\"async\" width=\"394\" height=\"700\" src=\"https:\/\/taoravao.com\/wp-content\/uploads\/2025\/01\/2025-02-21-TAO-MAYOTTE.jpg\" alt=\"\" class=\"wp-image-1393\" style=\"width:230px;height:auto\" srcset=\"https:\/\/taoravao.com\/wp-content\/uploads\/2025\/01\/2025-02-21-TAO-MAYOTTE.jpg 394w, https:\/\/taoravao.com\/wp-content\/uploads\/2025\/01\/2025-02-21-TAO-MAYOTTE-169x300.jpg 169w\" sizes=\"auto, (max-width: 394px) 100vw, 394px\" \/><\/figure>\n<\/div>\n\n\n<p class=\"has-text-align-center\"><strong>CONCERT DE SOUTIEN \u00c0 MAYOTTE<\/strong><br><strong>21.02.2025 \u00e0 20h00 &#8211; Tao RAVAO &amp; Vincent BUCHER en duo<\/strong><br><strong>AFRO-BLUES TRANSE MADAGASCAR<br>Th\u00e9\u00e2tre Geoffroy Martell, 26 rue Geoffroy Martell  \u00e0 Saintes (17)<\/strong><br>Les sommes r\u00e9colt\u00e9es seront vers\u00e9es au profit du Secours populaire<\/p>\n\n\n\n<hr class=\"wp-block-separator has-alpha-channel-opacity\"\/>\n\n\n<div class=\"wp-block-image\">\n<figure class=\"aligncenter size-large is-resized\"><img loading=\"lazy\" decoding=\"async\" width=\"1024\" height=\"1024\" src=\"https:\/\/taoravao.com\/wp-content\/uploads\/2021\/12\/Carre-2021-Tao-Ravao-Vincent-Bucher-21-300p-1024x1024.jpg\" alt=\"\" class=\"wp-image-1074\" style=\"width:228px;height:auto\" srcset=\"https:\/\/taoravao.com\/wp-content\/uploads\/2021\/12\/Carre-2021-Tao-Ravao-Vincent-Bucher-21-300p-1024x1024.jpg 1024w, https:\/\/taoravao.com\/wp-content\/uploads\/2021\/12\/Carre-2021-Tao-Ravao-Vincent-Bucher-21-300p-300x300.jpg 300w, https:\/\/taoravao.com\/wp-content\/uploads\/2021\/12\/Carre-2021-Tao-Ravao-Vincent-Bucher-21-300p-150x150.jpg 150w, https:\/\/taoravao.com\/wp-content\/uploads\/2021\/12\/Carre-2021-Tao-Ravao-Vincent-Bucher-21-300p-768x768.jpg 768w, https:\/\/taoravao.com\/wp-content\/uploads\/2021\/12\/Carre-2021-Tao-Ravao-Vincent-Bucher-21-300p-1536x1536.jpg 1536w, https:\/\/taoravao.com\/wp-content\/uploads\/2021\/12\/Carre-2021-Tao-Ravao-Vincent-Bucher-21-300p-2048x2048.jpg 2048w\" sizes=\"auto, (max-width: 1024px) 100vw, 1024px\" \/><\/figure>\n<\/div>\n\n\n<p class=\"has-text-align-center\"><strong>31.01.2025 \u00e0 20h30 Tao RAVAO &amp; Vincent BUCHER en duo  <br>\u00e0 la <a href=\"https:\/\/www.les-temps-modernes.org\/agenda\/a-venir\/371-tao-ravao#date-876\">M\u00e9diath\u00e8que de Taverny (95)<\/a><\/strong><\/p>\n\n\n\n<hr class=\"wp-block-separator has-alpha-channel-opacity\"\/>\n\n\n<div class=\"wp-block-image\">\n<figure class=\"aligncenter size-full is-resized\"><img loading=\"lazy\" decoding=\"async\" width=\"531\" height=\"700\" src=\"https:\/\/taoravao.com\/wp-content\/uploads\/2024\/07\/2024-11-29-raharimanana-tao-mancouriaB.jpg\" alt=\"\" class=\"wp-image-1351\" style=\"width:193px;height:auto\" srcset=\"https:\/\/taoravao.com\/wp-content\/uploads\/2024\/07\/2024-11-29-raharimanana-tao-mancouriaB.jpg 531w, https:\/\/taoravao.com\/wp-content\/uploads\/2024\/07\/2024-11-29-raharimanana-tao-mancouriaB-228x300.jpg 228w\" sizes=\"auto, (max-width: 531px) 100vw, 531px\" \/><\/figure>\n<\/div>\n\n\n<p class=\"has-text-align-center\"><strong>du 25.11 au 06.12  TAO RAVAO &amp; Jean-Luc RAHARIMANANA<\/strong><br><strong>en tourn\u00e9e en Guyane  <br>Spectacle<\/strong> <strong>&nbsp;<\/strong><em><strong><a href=\"https:\/\/taoravao.com\/index.php\/theatre\/rano-rano\/\">Rano, Rano<\/a><\/strong><\/em> <br><strong>au <a href=\"https:\/\/theatre-de-macouria.mapado.com\/event\/449006-rano-rano-cie-soazara-theatre-musique\">Th\u00e9\u00e2tre de Macouria (975)<\/a><\/strong><\/p>\n\n\n\n<!--nextpage-->\n\n\n\n<hr class=\"wp-block-separator has-alpha-channel-opacity\"\/>\n\n\n<div class=\"wp-block-image\">\n<figure class=\"aligncenter size-large is-resized\"><img loading=\"lazy\" decoding=\"async\" width=\"1024\" height=\"1024\" src=\"https:\/\/taoravao.com\/wp-content\/uploads\/2021\/12\/Carre-2021-Tao-Ravao-Vincent-Bucher-21-300p-1024x1024.jpg\" alt=\"\" class=\"wp-image-1074\" style=\"width:174px;height:auto\" srcset=\"https:\/\/taoravao.com\/wp-content\/uploads\/2021\/12\/Carre-2021-Tao-Ravao-Vincent-Bucher-21-300p-1024x1024.jpg 1024w, https:\/\/taoravao.com\/wp-content\/uploads\/2021\/12\/Carre-2021-Tao-Ravao-Vincent-Bucher-21-300p-300x300.jpg 300w, https:\/\/taoravao.com\/wp-content\/uploads\/2021\/12\/Carre-2021-Tao-Ravao-Vincent-Bucher-21-300p-150x150.jpg 150w, https:\/\/taoravao.com\/wp-content\/uploads\/2021\/12\/Carre-2021-Tao-Ravao-Vincent-Bucher-21-300p-768x768.jpg 768w, https:\/\/taoravao.com\/wp-content\/uploads\/2021\/12\/Carre-2021-Tao-Ravao-Vincent-Bucher-21-300p-1536x1536.jpg 1536w, https:\/\/taoravao.com\/wp-content\/uploads\/2021\/12\/Carre-2021-Tao-Ravao-Vincent-Bucher-21-300p-2048x2048.jpg 2048w\" sizes=\"auto, (max-width: 1024px) 100vw, 1024px\" \/><\/figure>\n<\/div>\n\n\n<p class=\"has-text-align-center\"><strong>21.09.2024 \u00e0 20h00 Tao RAVAO &amp; Vincent BUCHER en duo<\/strong> <br><strong>au Cabaret Savage \u00e0 Nanclars (16)<\/strong><\/p>\n\n\n\n<hr class=\"wp-block-separator has-alpha-channel-opacity\"\/>\n\n\n<div class=\"wp-block-image\">\n<figure class=\"aligncenter size-full is-resized\"><img loading=\"lazy\" decoding=\"async\" width=\"525\" height=\"700\" src=\"https:\/\/taoravao.com\/wp-content\/uploads\/2024\/07\/2024-09-07-jeux-poetiques.jpg\" alt=\"Jeux po\u00e9tiques JO2024\" class=\"wp-image-1334\" style=\"width:170px;height:auto\" srcset=\"https:\/\/taoravao.com\/wp-content\/uploads\/2024\/07\/2024-09-07-jeux-poetiques.jpg 525w, https:\/\/taoravao.com\/wp-content\/uploads\/2024\/07\/2024-09-07-jeux-poetiques-225x300.jpg 225w\" sizes=\"auto, (max-width: 525px) 100vw, 525px\" \/><\/figure>\n<\/div>\n\n\n<p class=\"has-text-align-center\"><strong>07.09.2024 TAO RAVAO &amp; Jean-Luc RAHARIMANANA<\/strong><br><strong><a href=\"https:\/\/openagenda.com\/fr\/madagascar-musiques-net-agenda\/events\/jl-raharimanana-et-tao-ravao-au-marathon-poetique-a-paris-75\">au Marathon po\u00e9tique des JO 2024 \u00e0 Paris (75) <\/a><\/strong><\/p>\n\n\n\n<hr class=\"wp-block-separator has-alpha-channel-opacity\"\/>\n\n\n<div class=\"wp-block-image\">\n<figure class=\"aligncenter size-large is-resized\"><img loading=\"lazy\" decoding=\"async\" width=\"1024\" height=\"681\" src=\"https:\/\/taoravao.com\/wp-content\/uploads\/2024\/07\/2024-08-23-tao-jn-godard-700-1024x681.jpg\" alt=\"Tao Ravao &amp; Jean No\u00ebl Godard\" class=\"wp-image-1333\" style=\"width:272px;height:auto\" srcset=\"https:\/\/taoravao.com\/wp-content\/uploads\/2024\/07\/2024-08-23-tao-jn-godard-700-1024x681.jpg 1024w, https:\/\/taoravao.com\/wp-content\/uploads\/2024\/07\/2024-08-23-tao-jn-godard-700-300x199.jpg 300w, https:\/\/taoravao.com\/wp-content\/uploads\/2024\/07\/2024-08-23-tao-jn-godard-700-768x511.jpg 768w, https:\/\/taoravao.com\/wp-content\/uploads\/2024\/07\/2024-08-23-tao-jn-godard-700-451x300.jpg 451w, https:\/\/taoravao.com\/wp-content\/uploads\/2024\/07\/2024-08-23-tao-jn-godard-700.jpg 1053w\" sizes=\"auto, (max-width: 1024px) 100vw, 1024px\" \/><\/figure>\n<\/div>\n\n\n<p class=\"has-text-align-center\"><strong>23.08.2024 TAO RAVAO &amp; Jean-No\u00ebl GODARD en DUO <\/strong><br><strong> Krar, lintungu, valihas, kabosy, lapsteel, chant  \/ Percussions, Han<\/strong><br><strong>au rond point de la piscine, quartier Basseau, \u00e0 Angoul\u00eame (16)<\/strong><br><strong>\u00e0 20h00 &#8211; acc\u00e8s libre<\/strong><\/p>\n\n\n\n<hr class=\"wp-block-separator has-alpha-channel-opacity\"\/>\n\n\n\n<p class=\"has-text-align-center\"><strong>19-21.06.2024 TAO RAVAO &amp; Jean-Luc RAHARIMANANA<\/strong><br>\u00ab\u00a0<strong><em><a href=\"\/index.php\/theatre\/par-la-nuit\/\">Par la nuit<\/a><\/em> et \u00ab\u00a0<\/strong><em><strong><a href=\"\/index.php\/theatre\/rano-rano\/\">Rano, Rano<\/a><\/strong><\/em><strong>\u00ab\u00a0<br>\u00e0 Villeurbanne (69)<br><\/strong><\/p>\n\n\n\n<hr class=\"wp-block-separator has-alpha-channel-opacity\"\/>\n\n\n<div class=\"wp-block-image\">\n<figure class=\"aligncenter size-large is-resized\"><img loading=\"lazy\" decoding=\"async\" width=\"1024\" height=\"1024\" src=\"https:\/\/taoravao.com\/wp-content\/uploads\/2021\/12\/Carre-2021-Tao-Ravao-Vincent-Bucher-21-300p-1024x1024.jpg\" alt=\"\" class=\"wp-image-1074\" style=\"width:182px;height:auto\" srcset=\"https:\/\/taoravao.com\/wp-content\/uploads\/2021\/12\/Carre-2021-Tao-Ravao-Vincent-Bucher-21-300p-1024x1024.jpg 1024w, https:\/\/taoravao.com\/wp-content\/uploads\/2021\/12\/Carre-2021-Tao-Ravao-Vincent-Bucher-21-300p-300x300.jpg 300w, https:\/\/taoravao.com\/wp-content\/uploads\/2021\/12\/Carre-2021-Tao-Ravao-Vincent-Bucher-21-300p-150x150.jpg 150w, https:\/\/taoravao.com\/wp-content\/uploads\/2021\/12\/Carre-2021-Tao-Ravao-Vincent-Bucher-21-300p-768x768.jpg 768w, https:\/\/taoravao.com\/wp-content\/uploads\/2021\/12\/Carre-2021-Tao-Ravao-Vincent-Bucher-21-300p-1536x1536.jpg 1536w, https:\/\/taoravao.com\/wp-content\/uploads\/2021\/12\/Carre-2021-Tao-Ravao-Vincent-Bucher-21-300p-2048x2048.jpg 2048w\" sizes=\"auto, (max-width: 1024px) 100vw, 1024px\" \/><\/figure>\n<\/div>\n\n\n<p class=\"has-text-align-center\"><strong>26.04.2023 TAO RAVAO &amp; VINCENT BUCHER en duo<\/strong><br><strong>\u00e0 <a href=\"https:\/\/openagenda.com\/madagascar-musiques-net-agenda\/events\/tao-ravao-and-vincent-bucher-a-saint-vincent-sur-lisle-24\"> Saint-Vincent-sur-l&rsquo;Isle (24)<\/a><\/strong><\/p>\n\n\n\n<hr class=\"wp-block-separator has-alpha-channel-opacity\"\/>\n\n\n<div class=\"wp-block-image\">\n<figure class=\"aligncenter size-full is-resized\"><img loading=\"lazy\" decoding=\"async\" width=\"495\" height=\"700\" src=\"https:\/\/taoravao.com\/wp-content\/uploads\/2023\/09\/2024-04-27-AFFICHE-2021-NB-Tao-Ravao-Vincent-Bucher-21-FB-700-.jpg\" alt=\"ao-Ravao-Vincent-Bucher La Musardi\u00e8re 2024 04 27\" class=\"wp-image-1313\" style=\"width:182px;height:auto\" srcset=\"https:\/\/taoravao.com\/wp-content\/uploads\/2023\/09\/2024-04-27-AFFICHE-2021-NB-Tao-Ravao-Vincent-Bucher-21-FB-700-.jpg 495w, https:\/\/taoravao.com\/wp-content\/uploads\/2023\/09\/2024-04-27-AFFICHE-2021-NB-Tao-Ravao-Vincent-Bucher-21-FB-700--212x300.jpg 212w\" sizes=\"auto, (max-width: 495px) 100vw, 495px\" \/><\/figure>\n<\/div>\n\n\n<p class=\"has-text-align-center\"><strong>27.04.2024 TAO RAVAO &amp; VINCENT BUCHER en duo<\/strong><br><strong>\u00e0 <a href=\"https:\/\/lamusardiere-saintes.fr\/agenda\/\">La Musardi\u00e8re &#8211; Saintes (17)<\/a><\/strong><\/p>\n\n\n\n<hr class=\"wp-block-separator has-alpha-channel-opacity\"\/>\n\n\n<div class=\"wp-block-image\">\n<figure class=\"aligncenter size-full is-resized\"><img loading=\"lazy\" decoding=\"async\" width=\"700\" height=\"700\" src=\"https:\/\/taoravao.com\/wp-content\/uploads\/2024\/03\/2024-03-17-TAO-CONTE.jpg\" alt=\"Tao RAVAO et Delphine AHAMADI \u00e0 Paris (75)\n2024-03-17\" class=\"wp-image-1322\" style=\"width:202px;height:auto\" srcset=\"https:\/\/taoravao.com\/wp-content\/uploads\/2024\/03\/2024-03-17-TAO-CONTE.jpg 700w, https:\/\/taoravao.com\/wp-content\/uploads\/2024\/03\/2024-03-17-TAO-CONTE-300x300.jpg 300w, https:\/\/taoravao.com\/wp-content\/uploads\/2024\/03\/2024-03-17-TAO-CONTE-150x150.jpg 150w\" sizes=\"auto, (max-width: 700px) 100vw, 700px\" \/><\/figure>\n<\/div>\n\n\n<h1 class=\"wp-block-heading has-text-align-center\">17.03.2024 Tao RAVAO et Delphine AHAMADI <br><strong>Lecture musicale de l&rsquo;album <em>Quatre petites notes d&rsquo;amiti\u00e9<\/em> (Ed Project\u2019Iles) <\/strong><br><strong>par son auteure Dalfine<\/strong> AHAMADI au <a href=\"https:\/\/www.salondulivreafricaindeparis.com\/programme-dimanche-2024\">Salon du livre africain \u00e0 Paris<\/a> (75)<br><a href=\"https:\/\/my.weezevent.com\/quatre-petites-notes-damitie-jeune-public?\">Entr\u00e9e libre sur r\u00e9servation<\/a><\/h1>\n\n\n\n<hr class=\"wp-block-separator has-alpha-channel-opacity\"\/>\n\n\n<div class=\"wp-block-image is-resized\">\n<figure class=\"aligncenter size-full\"><a href=\"https:\/\/www.luisant.fr\/l-agenda-de-luisant\/50-septembre\/1554-ouverture-de-la-saison-culturelle-2\"><img loading=\"lazy\" decoding=\"async\" width=\"495\" height=\"700\" src=\"https:\/\/taoravao.com\/wp-content\/uploads\/2023\/06\/Affiche_A4.jpg\" alt=\"\" class=\"wp-image-1275\" style=\"width:232px;height:auto\" srcset=\"https:\/\/taoravao.com\/wp-content\/uploads\/2023\/06\/Affiche_A4.jpg 495w, https:\/\/taoravao.com\/wp-content\/uploads\/2023\/06\/Affiche_A4-212x300.jpg 212w\" sizes=\"auto, (max-width: 495px) 100vw, 495px\" \/><\/a><\/figure>\n<\/div>\n\n\n<p class=\"has-text-align-center\"><strong>27.09.2023  TAO RAVAO <strong>&amp; HANTA RA<\/strong><\/strong> <br><strong>CABARET CONTES &amp; MUSIQUES \u00e0 Luisant (28)<\/strong><\/p>\n\n\n\n<hr class=\"wp-block-separator has-alpha-channel-opacity\"\/>\n\n\n<div class=\"wp-block-image\">\n<figure class=\"aligncenter size-full\"><img loading=\"lazy\" decoding=\"async\" width=\"224\" height=\"66\" src=\"https:\/\/taoravao.com\/wp-content\/uploads\/2023\/02\/ccfn-jea-rouch-niamey.jpg\" alt=\"\" class=\"wp-image-1239\"\/><\/figure>\n<\/div>\n\n\n<p class=\"has-text-align-center\"><strong>\/\/\/ ANNUL\u00c9 \/\/\/ 18 au 30.09.2023 TAO RAVAO <strong>&amp; VINCENT BUCHER<\/strong><\/strong> <strong>en r\u00e9sidence <\/strong><br><strong>\u00e0 NIAMEY (Niger)<\/strong><br><\/p>\n\n\n\n<hr class=\"wp-block-separator has-alpha-channel-opacity\"\/>\n\n\n<div class=\"wp-block-image is-resized\">\n<figure class=\"aligncenter size-full\"><img loading=\"lazy\" decoding=\"async\" width=\"622\" height=\"700\" src=\"https:\/\/taoravao.com\/wp-content\/uploads\/2023\/06\/tao-blanchet-Excuses-et-dires-liminaires-2023-07-FB.jpg\" alt=\"\" class=\"wp-image-1268\" style=\"width:306px;height:auto\" srcset=\"https:\/\/taoravao.com\/wp-content\/uploads\/2023\/06\/tao-blanchet-Excuses-et-dires-liminaires-2023-07-FB.jpg 622w, https:\/\/taoravao.com\/wp-content\/uploads\/2023\/06\/tao-blanchet-Excuses-et-dires-liminaires-2023-07-FB-267x300.jpg 267w\" sizes=\"auto, (max-width: 622px) 100vw, 622px\" \/><\/figure>\n<\/div>\n\n\n<p class=\"has-text-align-center\"><strong>29.07.2023 Tao RAVAO  avec Rodolphe BLANCHET<\/strong><br>Excuses et dires liminaires &#8211; Th\u00e9\u00e2tre musical, d\u2019apr\u00e8s Za, de Jean-Luc Raharimanana<br>\u00e0 22h00 &#8211; <a href=\"https:\/\/openagenda.com\/madagascar-musiques-net-agenda\/events\/tao-ravao-et-rodolpe-blanchet-dans-excuses-et-dires-liminaires-a-paris-75-festival-tournee-generale#\" target=\"_blank\" rel=\"noreferrer noopener\">au Disque Bleu, 23  rue de Wattignies 75012 Paris<\/a> <br><strong>\u00e0 Paris (75) &#8211; Festival Tourn\u00e9e G\u00e9n\u00e9rale<\/strong><\/p>\n\n\n\n<p class=\"has-text-align-center\"><strong>___<br><\/strong><\/p>\n\n\n<div class=\"wp-block-image is-resized\">\n<figure class=\"aligncenter size-large\"><img loading=\"lazy\" decoding=\"async\" width=\"1024\" height=\"1024\" src=\"https:\/\/taoravao.com\/wp-content\/uploads\/2021\/12\/Carre-2021-Tao-Ravao-Vincent-Bucher-21-300p-1024x1024.jpg\" alt=\"\" class=\"wp-image-1074\" style=\"width:322px;height:auto\" srcset=\"https:\/\/taoravao.com\/wp-content\/uploads\/2021\/12\/Carre-2021-Tao-Ravao-Vincent-Bucher-21-300p-1024x1024.jpg 1024w, https:\/\/taoravao.com\/wp-content\/uploads\/2021\/12\/Carre-2021-Tao-Ravao-Vincent-Bucher-21-300p-300x300.jpg 300w, https:\/\/taoravao.com\/wp-content\/uploads\/2021\/12\/Carre-2021-Tao-Ravao-Vincent-Bucher-21-300p-150x150.jpg 150w, https:\/\/taoravao.com\/wp-content\/uploads\/2021\/12\/Carre-2021-Tao-Ravao-Vincent-Bucher-21-300p-768x768.jpg 768w, https:\/\/taoravao.com\/wp-content\/uploads\/2021\/12\/Carre-2021-Tao-Ravao-Vincent-Bucher-21-300p-1536x1536.jpg 1536w, https:\/\/taoravao.com\/wp-content\/uploads\/2021\/12\/Carre-2021-Tao-Ravao-Vincent-Bucher-21-300p-2048x2048.jpg 2048w\" sizes=\"auto, (max-width: 1024px) 100vw, 1024px\" \/><\/figure>\n<\/div>\n\n\n<p class=\"has-text-align-center\"><strong>18.07.2023 TAO RAVAO &amp; VINCENT BUCHER en duo<\/strong><br><strong>au Th\u00e9\u00e2tre de verdure \u00e0 Marennes-Ol\u00e9rons (17)<\/strong><\/p>\n\n\n\n<p class=\"has-text-align-center\"><strong>___<br><\/strong><\/p>\n\n\n<div class=\"wp-block-image is-resized\">\n<figure class=\"aligncenter size-full\"><a href=\"https:\/\/www.mnop.fr\/tao-ravao-et-vincent-bucher\"><img loading=\"lazy\" decoding=\"async\" width=\"921\" height=\"469\" src=\"https:\/\/taoravao.com\/wp-content\/uploads\/2023\/06\/Tao-MNOP-2022.webp\" alt=\"\" class=\"wp-image-1254\" style=\"width:298px;height:auto\"\/><\/a><\/figure>\n<\/div>\n\n\n<p class=\"has-text-align-center\"><strong>Du 7 au 14.07.2023 TAO RAVAO &amp; VINCENT BUCHER en duo<br>3 concerts \u00e0 Douchapt (24) pr\u00e8s de P\u00e9rigueux<br><a href=\"https:\/\/www.mnop.fr\/tao-ravao-et-vincent-bucher\">MNOP &#8211; Musiques de la Nouvelles-Orl\u00e9ans en P\u00e9rigord<\/a><\/strong><\/p>\n\n\n\n<p class=\"has-text-align-center\"><strong>___<br><\/strong><\/p>\n\n\n<div class=\"wp-block-image\">\n<figure class=\"aligncenter size-full\"><a href=\"http:\/\/festivalbluessursuresnes.com\/index.php\/48-2\/\"><img loading=\"lazy\" decoding=\"async\" width=\"300\" height=\"300\" src=\"https:\/\/taoravao.com\/wp-content\/uploads\/2023\/02\/BLUES-SUR-SEURESNES-2023-05-300.jpg\" alt=\"\" class=\"wp-image-1247\" srcset=\"https:\/\/taoravao.com\/wp-content\/uploads\/2023\/02\/BLUES-SUR-SEURESNES-2023-05-300.jpg 300w, https:\/\/taoravao.com\/wp-content\/uploads\/2023\/02\/BLUES-SUR-SEURESNES-2023-05-300-150x150.jpg 150w\" sizes=\"auto, (max-width: 300px) 100vw, 300px\" \/><\/a><\/figure>\n<\/div>\n\n\n<p class=\"has-text-align-center\"><strong>25.05.2023 TAO RAVAO &amp; VINCENT BUCHER en duo<\/strong><br><strong>\u00e0 la Salle des F\u00eates de Suresnes 2 rue Carnot, 92150 Suresnes<\/strong><br><strong>Festival Blues sur Suresnes <\/strong><\/p>\n\n\n\n<p class=\"has-text-align-center\"><strong>___<br><\/strong><\/p>\n\n\n<div class=\"wp-block-image\">\n<figure class=\"aligncenter size-full\"><a href=\"https:\/\/www.if-algerie.com\/alger\/agenda-culturel\/restitution-masterclass-tao-ravao\"><img loading=\"lazy\" decoding=\"async\" width=\"219\" height=\"134\" src=\"https:\/\/taoravao.com\/wp-content\/uploads\/2023\/02\/logo-IF-alger.png\" alt=\"\" class=\"wp-image-1240\"\/><\/a><\/figure>\n<\/div>\n\n\n<p class=\"has-text-align-center\"><strong>du 27.04 au 03.05.2023  TAO RAVAO  en r\u00e9sidence <\/strong><br><strong>\u00e0 ALGER (Alg\u00e9rie)<\/strong><br><strong>Concert le 3.05.2023<\/strong><\/p>\n\n\n\n<hr class=\"wp-block-separator has-alpha-channel-opacity\"\/>\n\n\n<div class=\"wp-block-image\">\n<figure class=\"aligncenter size-large is-resized\"><img loading=\"lazy\" decoding=\"async\" width=\"1024\" height=\"1024\" src=\"https:\/\/taoravao.com\/wp-content\/uploads\/2021\/12\/Carre-2021-Tao-Ravao-Vincent-Bucher-21-300p-1024x1024.jpg\" alt=\"\" class=\"wp-image-1074\" style=\"width:192px;height:192px\" srcset=\"https:\/\/taoravao.com\/wp-content\/uploads\/2021\/12\/Carre-2021-Tao-Ravao-Vincent-Bucher-21-300p-1024x1024.jpg 1024w, https:\/\/taoravao.com\/wp-content\/uploads\/2021\/12\/Carre-2021-Tao-Ravao-Vincent-Bucher-21-300p-300x300.jpg 300w, https:\/\/taoravao.com\/wp-content\/uploads\/2021\/12\/Carre-2021-Tao-Ravao-Vincent-Bucher-21-300p-150x150.jpg 150w, https:\/\/taoravao.com\/wp-content\/uploads\/2021\/12\/Carre-2021-Tao-Ravao-Vincent-Bucher-21-300p-768x768.jpg 768w, https:\/\/taoravao.com\/wp-content\/uploads\/2021\/12\/Carre-2021-Tao-Ravao-Vincent-Bucher-21-300p-1536x1536.jpg 1536w, https:\/\/taoravao.com\/wp-content\/uploads\/2021\/12\/Carre-2021-Tao-Ravao-Vincent-Bucher-21-300p-2048x2048.jpg 2048w\" sizes=\"auto, (max-width: 1024px) 100vw, 1024px\" \/><\/figure>\n<\/div>\n\n\n<p class=\"has-text-align-center\"><strong>18.03.2023 TAO RAVAO et Vincent BUCHER en duo<br>\u00e0 l<a href=\"https:\/\/www.espacegerardphilipe.com\/Duo-Tao-Ravao-Vincent-Bucher-1285\">&lsquo;Espace G\u00e9rard Philippe \u00e0 Saint-Andr\u00e9-les-Vergers<\/a>, pr\u00e8s de Troyes (10)<\/strong><a href=\"\"><\/a><\/p>\n\n\n\n<p class=\"has-text-align-center\"><strong>___<\/strong><\/p>\n\n\n<div class=\"wp-block-image\">\n<figure class=\"aligncenter size-full is-resized\"><img loading=\"lazy\" decoding=\"async\" width=\"920\" height=\"390\" src=\"https:\/\/taoravao.com\/wp-content\/uploads\/2019\/03\/LaMaisonduBlues.jpg\" alt=\"La Maison du Blues \u00e0 41160 Saint Hilaire la Gravelle\" class=\"wp-image-688\" style=\"width:252px;height:102px\" srcset=\"https:\/\/taoravao.com\/wp-content\/uploads\/2019\/03\/LaMaisonduBlues.jpg 920w, https:\/\/taoravao.com\/wp-content\/uploads\/2019\/03\/LaMaisonduBlues-300x127.jpg 300w, https:\/\/taoravao.com\/wp-content\/uploads\/2019\/03\/LaMaisonduBlues-768x326.jpg 768w, https:\/\/taoravao.com\/wp-content\/uploads\/2019\/03\/LaMaisonduBlues-500x212.jpg 500w\" sizes=\"auto, (max-width: 920px) 100vw, 920px\" \/><\/figure>\n<\/div>\n\n\n<p class=\"has-text-align-center\"><strong>10 et 11.03.2023 TAO RAVAO et Vincent BUCHER en duo<\/strong><br>\u00e0 la Maison du Blues 41160 <strong>Saint Hilaire la Gravelle<\/strong><\/p>\n\n\n\n<p class=\"has-text-align-center\"><strong>___<\/strong><\/p>\n\n\n<div class=\"wp-block-image\">\n<figure class=\"aligncenter size-full is-resized\"><a href=\"https:\/\/alacademia.org.ma\/events\/loralite-un-registre-privilegie-dinterlocution-ou-un-paravent-pour-lafrique\/\" target=\"_blank\" rel=\"noreferrer noopener\"><img loading=\"lazy\" decoding=\"async\" width=\"540\" height=\"540\" src=\"https:\/\/taoravao.com\/wp-content\/uploads\/2023\/02\/Tao-Ravao-Oralite-Rabat-2023-Carre-.jpg\" alt=\"\" class=\"wp-image-1221\" style=\"width:176px;height:176px\" srcset=\"https:\/\/taoravao.com\/wp-content\/uploads\/2023\/02\/Tao-Ravao-Oralite-Rabat-2023-Carre-.jpg 540w, https:\/\/taoravao.com\/wp-content\/uploads\/2023\/02\/Tao-Ravao-Oralite-Rabat-2023-Carre--300x300.jpg 300w, https:\/\/taoravao.com\/wp-content\/uploads\/2023\/02\/Tao-Ravao-Oralite-Rabat-2023-Carre--150x150.jpg 150w\" sizes=\"auto, (max-width: 540px) 100vw, 540px\" \/><\/a><\/figure>\n<\/div>\n\n\n<p class=\"has-text-align-center\"><strong>03.03.2023 TAO RAVAO et Jean-Luc RAHARIMANANA<\/strong><br><strong>Performance \u00e0 Rabat (Maroc) &#8211; <a href=\"https:\/\/alacademia.org.ma\/events\/loralite-un-registre-privilegie-dinterlocution-ou-un-paravent-pour-lafrique\/\">Colloque international intitul\u00e9 \u00ab L\u2019oralit\u00e9, un registre privil\u00e9gi\u00e9 d\u2019interlocution ou un paravent pour l\u2019Afrique ? \u00bb<\/a><\/strong><\/p>\n\n\n\n<p class=\"has-text-align-center\"><strong>___<\/strong><\/p>\n\n\n<div class=\"wp-block-image\">\n<figure class=\"aligncenter size-full is-resized\"><img loading=\"lazy\" decoding=\"async\" width=\"958\" height=\"500\" src=\"https:\/\/taoravao.com\/wp-content\/uploads\/2022\/11\/Tao-Ravao-au-NO-PI-2022-12-09.jpg\" alt=\"Tao Ravao au NO PI 2022 12 09\" class=\"wp-image-1207\" style=\"width:166px;height:85px\" srcset=\"https:\/\/taoravao.com\/wp-content\/uploads\/2022\/11\/Tao-Ravao-au-NO-PI-2022-12-09.jpg 958w, https:\/\/taoravao.com\/wp-content\/uploads\/2022\/11\/Tao-Ravao-au-NO-PI-2022-12-09-300x157.jpg 300w, https:\/\/taoravao.com\/wp-content\/uploads\/2022\/11\/Tao-Ravao-au-NO-PI-2022-12-09-768x401.jpg 768w, https:\/\/taoravao.com\/wp-content\/uploads\/2022\/11\/Tao-Ravao-au-NO-PI-2022-12-09-500x261.jpg 500w\" sizes=\"auto, (max-width: 958px) 100vw, 958px\" \/><\/figure>\n<\/div>\n\n\n<p class=\"has-text-align-center\"><strong>09.12.2022 TAO RAVAO et Vincent BUCHER en duo<br>au <a href=\"https:\/\/www.facebook.com\/events\/651619063268961\">NO.PI \u00e0 Paris (75)<\/a> avec les Lowland Brothers<\/strong><\/p>\n\n\n\n<p class=\"has-text-align-center\"><strong>___<\/strong><\/p>\n\n\n<div class=\"wp-block-image\">\n<figure class=\"aligncenter size-full is-resized\"><img loading=\"lazy\" decoding=\"async\" width=\"218\" height=\"300\" src=\"https:\/\/taoravao.com\/wp-content\/uploads\/2022\/07\/Tao-blues-maron-Shot-09-09-22-at-10.06-AM-e1673259684526.jpg\" alt=\"Tao Ravao au Blues Maron Festival La R\u00e9union\" class=\"wp-image-1169\" style=\"width:132px;height:183px\"\/><\/figure>\n<\/div>\n\n\n<p class=\"has-text-align-center\"><strong>Novembre 2022 TAO RAVAO et Vincent BUCHER en duo<br>\u00e0 La R\u00e9union (974)<\/strong><br><strong>19.11. <a href=\"https:\/\/openagenda.com\/madagascar-musiques-net-agenda\/events\/tao-ravao-et-vincent-bucher-a-saint-paul-974?lang=fr\" target=\"_blank\" rel=\"noreferrer noopener\">\u00e0 Saint-Paul (974) + ZISKAKAN Lancement du Blues Maron Festival<\/a><\/strong><br><strong>27.11.<a href=\"https:\/\/openagenda.com\/madagascar-musiques-net-agenda\/events\/tao-ravao-et-vincent-bucher-a-saint-pierre-974?lang=fr\" target=\"_blank\" rel=\"noreferrer noopener\"> \u00e0 Saint-Pierre (974) avec tous les artistes invit\u00e9s durant le Blues Maron Festival<\/a><\/strong><\/p>\n\n\n\n<p class=\"has-text-align-center\"><strong>___<\/strong><\/p>\n\n\n<div class=\"wp-block-image\">\n<figure class=\"aligncenter size-full is-resized\"><img loading=\"lazy\" decoding=\"async\" width=\"467\" height=\"700\" src=\"https:\/\/taoravao.com\/wp-content\/uploads\/2022\/10\/mangrove-2b.jpg\" alt=\"\" class=\"wp-image-1184\" style=\"width:140px;height:209px\" srcset=\"https:\/\/taoravao.com\/wp-content\/uploads\/2022\/10\/mangrove-2b.jpg 467w, https:\/\/taoravao.com\/wp-content\/uploads\/2022\/10\/mangrove-2b-200x300.jpg 200w\" sizes=\"auto, (max-width: 467px) 100vw, 467px\" \/><\/figure>\n<\/div>\n\n\n<p><strong>TAO RAVAO a \u00e9crit et joue la musique de MANGROVE, <\/strong><br><strong>une pi\u00e8ce de Vincent Fontano, mise en sc\u00e8ne <strong>Julien Favart<\/strong>, <br>avec <strong>El Madjid Saindou<\/strong> <br>du 9 au 15.11.2022 au<a href=\"https:\/\/lavoirmoderneparisien.com\/programmations\/mangrove\/\"> Lavoir Moderne Parisien<\/a> \u00e0 Paris (75018)<\/strong> spectacle jusqu&rsquo;au 20.11<\/p>\n\n\n\n<p><\/p>\n\n\n<div class=\"wp-block-image\">\n<figure class=\"aligncenter size-full is-resized\"><img loading=\"lazy\" decoding=\"async\" width=\"960\" height=\"450\" src=\"https:\/\/taoravao.com\/wp-content\/uploads\/2019\/09\/QuaiDuBlues1.jpg\" alt=\"Quai du Blues \u00e0 Saintes (17)\" class=\"wp-image-706\" style=\"width:250px;height:112px\" srcset=\"https:\/\/taoravao.com\/wp-content\/uploads\/2019\/09\/QuaiDuBlues1.jpg 960w, https:\/\/taoravao.com\/wp-content\/uploads\/2019\/09\/QuaiDuBlues1-300x141.jpg 300w, https:\/\/taoravao.com\/wp-content\/uploads\/2019\/09\/QuaiDuBlues1-768x360.jpg 768w, https:\/\/taoravao.com\/wp-content\/uploads\/2019\/09\/QuaiDuBlues1-500x234.jpg 500w\" sizes=\"auto, (max-width: 960px) 100vw, 960px\" \/><\/figure>\n<\/div>\n\n\n<p class=\"has-text-align-center\"><strong>17.09.2022 TAO RAVAO et Vincent BUCHER en duo<br>au Quai du Blues \u00e0 Saintes (17)<\/strong><\/p>\n\n\n\n<p class=\"has-text-align-center\">___<\/p>\n\n\n<div class=\"wp-block-image\">\n<figure class=\"aligncenter size-large is-resized\"><img loading=\"lazy\" decoding=\"async\" width=\"1024\" height=\"1024\" src=\"https:\/\/taoravao.com\/wp-content\/uploads\/2021\/12\/Carre-2021-Tao-Ravao-Vincent-Bucher-21-300p-1024x1024.jpg\" alt=\"\" class=\"wp-image-1074\" style=\"width:251px;height:252px\" srcset=\"https:\/\/taoravao.com\/wp-content\/uploads\/2021\/12\/Carre-2021-Tao-Ravao-Vincent-Bucher-21-300p-1024x1024.jpg 1024w, https:\/\/taoravao.com\/wp-content\/uploads\/2021\/12\/Carre-2021-Tao-Ravao-Vincent-Bucher-21-300p-300x300.jpg 300w, https:\/\/taoravao.com\/wp-content\/uploads\/2021\/12\/Carre-2021-Tao-Ravao-Vincent-Bucher-21-300p-150x150.jpg 150w, https:\/\/taoravao.com\/wp-content\/uploads\/2021\/12\/Carre-2021-Tao-Ravao-Vincent-Bucher-21-300p-768x768.jpg 768w, https:\/\/taoravao.com\/wp-content\/uploads\/2021\/12\/Carre-2021-Tao-Ravao-Vincent-Bucher-21-300p-1536x1536.jpg 1536w, https:\/\/taoravao.com\/wp-content\/uploads\/2021\/12\/Carre-2021-Tao-Ravao-Vincent-Bucher-21-300p-2048x2048.jpg 2048w\" sizes=\"auto, (max-width: 1024px) 100vw, 1024px\" \/><\/figure>\n<\/div>\n\n\n<p class=\"has-text-align-center\"><strong>21.08.2022 TAO RAVAO et Vincent BUCHER en duo<br>\u00e0 Maz\u00e9-Milon, pr\u00e8s d&rsquo;<strong>Angers<\/strong> (49)<\/strong><\/p>\n\n\n\n<p class=\"has-text-align-center\"><strong>___<\/strong><\/p>\n\n\n<div class=\"wp-block-image\">\n<figure class=\"aligncenter size-full is-resized\"><img loading=\"lazy\" decoding=\"async\" width=\"515\" height=\"720\" src=\"https:\/\/taoravao.com\/wp-content\/uploads\/2022\/05\/tao-Blues-i-aout-2022-08-19.jpg\" alt=\"\" class=\"wp-image-1154\" style=\"width:213px;height:301px\" srcset=\"https:\/\/taoravao.com\/wp-content\/uploads\/2022\/05\/tao-Blues-i-aout-2022-08-19.jpg 515w, https:\/\/taoravao.com\/wp-content\/uploads\/2022\/05\/tao-Blues-i-aout-2022-08-19-215x300.jpg 215w\" sizes=\"auto, (max-width: 515px) 100vw, 515px\" \/><\/figure>\n<\/div>\n\n\n<p class=\"has-text-align-center\"><strong>19.08.2022 TAO RAVAO et Vincent BUCHER en duo<br>au Festival Bluesin&rsquo; (a)out \u00e0 Neuville-sous-Montreuil (61)<\/strong><\/p>\n\n\n\n<p class=\"has-text-align-center\"><strong>___<\/strong><\/p>\n\n\n<div class=\"wp-block-image\">\n<figure class=\"aligncenter\"><img loading=\"lazy\" decoding=\"async\" width=\"210\" height=\"93\" src=\"https:\/\/taoravao.com\/wp-content\/uploads\/2022\/01\/logo-Les-Rencarts-Pornichet.png\" alt=\"logo Festival Les rencarts Pornichet (44)\" class=\"wp-image-1108\"\/><\/figure>\n<\/div>\n\n\n<p class=\"has-text-align-center\"><strong>08.08.2022 TAO RAVAO et Vincent BUCHER en duo<br>au <a href=\"https:\/\/rencarts.fr\/\">Festival Les rencarts<\/a>, \u00e0 Pornichet (44)<br>___<\/strong><\/p>\n\n\n\n<p class=\"has-text-align-center\"><strong>___<\/strong><\/p>\n\n\n<div class=\"wp-block-image\">\n<figure class=\"aligncenter\"><img loading=\"lazy\" decoding=\"async\" width=\"300\" height=\"199\" src=\"https:\/\/taoravao.com\/wp-content\/uploads\/2021\/07\/logo-LaMusardiere-300x199.jpg\" alt=\"Logo La Musiqardi\u00e8re - Saintes\" class=\"wp-image-1038\" srcset=\"https:\/\/taoravao.com\/wp-content\/uploads\/2021\/07\/logo-LaMusardiere-300x199.jpg 300w, https:\/\/taoravao.com\/wp-content\/uploads\/2021\/07\/logo-LaMusardiere-1024x678.jpg 1024w, https:\/\/taoravao.com\/wp-content\/uploads\/2021\/07\/logo-LaMusardiere-768x508.jpg 768w, https:\/\/taoravao.com\/wp-content\/uploads\/2021\/07\/logo-LaMusardiere-1536x1017.jpg 1536w, https:\/\/taoravao.com\/wp-content\/uploads\/2021\/07\/logo-LaMusardiere-453x300.jpg 453w, https:\/\/taoravao.com\/wp-content\/uploads\/2021\/07\/logo-LaMusardiere.jpg 1890w\" sizes=\"auto, (max-width: 300px) 100vw, 300px\" \/><\/figure>\n<\/div>\n\n\n<p class=\"has-text-align-center\"><strong>25.06.2022 TAO RAVAO et Vincent BUCHER en duo<br>\u00e0 21h00 \u00e0 <a href=\"https:\/\/www.facebook.com\/lamusardieresaintes\">La Musardi\u00e8re<\/a>, Saintes (17)<br><\/strong>___<\/p>\n\n\n\n<div style=\"height:19px\" aria-hidden=\"true\" class=\"wp-block-spacer\"><\/div>\n\n\n<div class=\"wp-block-image\">\n<figure class=\"aligncenter size-full is-resized\"><img loading=\"lazy\" decoding=\"async\" width=\"289\" height=\"231\" src=\"https:\/\/taoravao.com\/wp-content\/uploads\/2022\/02\/KARTELL-CULTUREL-LOGO.png\" alt=\"KARTELL CULTUREL Bienne &amp; Nidau (Suisse)\" class=\"wp-image-1120\" style=\"width:163px;height:129px\"\/><\/figure>\n<\/div>\n\n\n<p><strong>Vendredi 29.04.2022 TAO RAVAO et Vincent BUCHER en duo<br>\u00e0 20h00 \u00e0 <a href=\"https:\/\/www.kartellculturel.ch\/fr\/programme#event-1378\">Nidau (Suisse)<\/a> pr\u00e8s de Berne<\/strong><\/p>\n\n\n\n<hr class=\"wp-block-separator aligncenter has-alpha-channel-opacity\"\/>\n\n\n\n<p><strong>Du 23.02 au 03.03.2022 TAO RAVAO et Vincent BUCHER en duo<\/strong><\/p>\n\n\n\n<p class=\"has-text-align-center\"><strong>TOURN\u00c9E en ALG\u00c9RIE<\/strong><\/p>\n\n\n<div class=\"wp-block-image\">\n<figure class=\"aligncenter\"><img loading=\"lazy\" decoding=\"async\" width=\"300\" height=\"198\" src=\"https:\/\/taoravao.com\/wp-content\/uploads\/2022\/01\/RENCONTRE-AFRO-BLUES-avec-Tao-Ravao-et-Vincent-Bucher-300x198.jpg\" alt=\"\" class=\"wp-image-1114\" srcset=\"https:\/\/taoravao.com\/wp-content\/uploads\/2022\/01\/RENCONTRE-AFRO-BLUES-avec-Tao-Ravao-et-Vincent-Bucher-300x198.jpg 300w, https:\/\/taoravao.com\/wp-content\/uploads\/2022\/01\/RENCONTRE-AFRO-BLUES-avec-Tao-Ravao-et-Vincent-Bucher-453x300.jpg 453w, https:\/\/taoravao.com\/wp-content\/uploads\/2022\/01\/RENCONTRE-AFRO-BLUES-avec-Tao-Ravao-et-Vincent-Bucher.jpg 650w\" sizes=\"auto, (max-width: 300px) 100vw, 300px\" \/><\/figure>\n<\/div>\n\n\n<ul class=\"wp-block-list\">\n<li><strong>du 23.02 au 26.02.2022 \u00e0 Oran (+ 2 ateliers)<\/strong><\/li>\n\n\n\n<li><strong>27.02 \u00e0 Tlemcen<\/strong><\/li>\n\n\n\n<li><strong>01.03 \u00e0 Annaba<\/strong><\/li>\n\n\n\n<li><strong>02.03 \u00e0 Constantine<\/strong><\/li>\n\n\n\n<li><strong>03.03 \u00e0 Alger<\/strong><\/li>\n<\/ul>\n\n\n\n<hr class=\"wp-block-separator has-alpha-channel-opacity\"\/>\n\n\n\n<p><strong>27.01.2022 TAO RAVAO et Vincent BUCHER en duo<br>au <a href=\"https:\/\/hangar.ivry94.fr\/186-5848\/fiche\/delgres-x-tao-ravao-vincent-bucher.htm\">HANGAR \u00e0 Ivry sur Seine (94)<\/a><\/strong> + <strong>DELGRES<\/strong><\/p>\n\n\n\n<hr class=\"wp-block-separator has-alpha-channel-opacity\"\/>\n\n\n<div class=\"wp-block-image\">\n<figure class=\"aligncenter\"><img loading=\"lazy\" decoding=\"async\" width=\"300\" height=\"300\" src=\"https:\/\/taoravao.com\/wp-content\/uploads\/2021\/12\/261820020_4734171503307921_7033809760325742855_n-300x300.jpg\" alt=\"\" class=\"wp-image-1071\" srcset=\"https:\/\/taoravao.com\/wp-content\/uploads\/2021\/12\/261820020_4734171503307921_7033809760325742855_n-300x300.jpg 300w, https:\/\/taoravao.com\/wp-content\/uploads\/2021\/12\/261820020_4734171503307921_7033809760325742855_n-1024x1024.jpg 1024w, https:\/\/taoravao.com\/wp-content\/uploads\/2021\/12\/261820020_4734171503307921_7033809760325742855_n-150x150.jpg 150w, https:\/\/taoravao.com\/wp-content\/uploads\/2021\/12\/261820020_4734171503307921_7033809760325742855_n-768x768.jpg 768w, https:\/\/taoravao.com\/wp-content\/uploads\/2021\/12\/261820020_4734171503307921_7033809760325742855_n-1536x1536.jpg 1536w, https:\/\/taoravao.com\/wp-content\/uploads\/2021\/12\/261820020_4734171503307921_7033809760325742855_n.jpg 2048w\" sizes=\"auto, (max-width: 300px) 100vw, 300px\" \/><\/figure>\n<\/div>\n\n\n<p><strong>10.12.2021 TAO RAVAO et Vincent BUCHER en duo<br>au Centre Culturel Franco-Nigerien Jean Rouch \u00e0 NIAMEY(Niger)<\/strong><\/p>\n\n\n\n<hr class=\"wp-block-separator has-alpha-channel-opacity\"\/>\n\n\n<div class=\"wp-block-image\">\n<figure class=\"aligncenter\"><a href=\"https:\/\/openagenda.com\/madagascar-musiques-net-agenda\/events\/tao-ravao-and-vincent-bucher-a-saint-gaultier-36?lang=fr\"><img loading=\"lazy\" decoding=\"async\" width=\"212\" height=\"300\" src=\"https:\/\/taoravao.com\/wp-content\/uploads\/2021\/09\/AFFICHE-2021-NB-Tao-Ravao-Vincent-Bucher-21-300p-VDMM-ERMITAGE-11-2021-B-500-212x300.jpg\" alt=\"\" class=\"wp-image-1060\" srcset=\"https:\/\/taoravao.com\/wp-content\/uploads\/2021\/09\/AFFICHE-2021-NB-Tao-Ravao-Vincent-Bucher-21-300p-VDMM-ERMITAGE-11-2021-B-500-212x300.jpg 212w, https:\/\/taoravao.com\/wp-content\/uploads\/2021\/09\/AFFICHE-2021-NB-Tao-Ravao-Vincent-Bucher-21-300p-VDMM-ERMITAGE-11-2021-B-500.jpg 353w\" sizes=\"auto, (max-width: 212px) 100vw, 212px\" \/><\/a><\/figure>\n<\/div>\n\n\n<p><strong>26 et 27.11.2021 TAO RAVAO et Vincent BUCHER en duo<br>aux <a href=\"https:\/\/openagenda.com\/madagascar-musiques-net-agenda\/events\/tao-ravao-and-vincent-bucher-a-saint-gaultier-36?lang=fr\">CHIMERES<\/a> 36800 Saint-Gaultier<\/strong><\/p>\n\n\n\n<hr class=\"wp-block-separator has-alpha-channel-opacity\"\/>\n\n\n<div class=\"wp-block-image\">\n<figure class=\"aligncenter\"><a href=\"https:\/\/www.africamultiple.uni-bayreuth.de\/en\/Important-Dates\/2021-11-13_Intermedial-Indian-Ocean\/index.html\"><img loading=\"lazy\" decoding=\"async\" width=\"212\" height=\"300\" src=\"https:\/\/taoravao.com\/wp-content\/uploads\/2021\/11\/Tao-Programme_Abstract-Book_revised_2_CV_uf-1_page-0001-212x300.jpg\" alt=\"\" class=\"wp-image-1065\" srcset=\"https:\/\/taoravao.com\/wp-content\/uploads\/2021\/11\/Tao-Programme_Abstract-Book_revised_2_CV_uf-1_page-0001-212x300.jpg 212w, https:\/\/taoravao.com\/wp-content\/uploads\/2021\/11\/Tao-Programme_Abstract-Book_revised_2_CV_uf-1_page-0001-722x1024.jpg 722w, https:\/\/taoravao.com\/wp-content\/uploads\/2021\/11\/Tao-Programme_Abstract-Book_revised_2_CV_uf-1_page-0001-768x1089.jpg 768w, https:\/\/taoravao.com\/wp-content\/uploads\/2021\/11\/Tao-Programme_Abstract-Book_revised_2_CV_uf-1_page-0001.jpg 875w\" sizes=\"auto, (max-width: 212px) 100vw, 212px\" \/><\/a><\/figure>\n<\/div>\n\n\n<p><strong>du 11 au 15.11.2021 TAO RAVAO en solo (kabosy, litungu, krar, valiha,chant)<br>\u00e0 la Journ\u00e9e <a href=\"https:\/\/fr.wikipedia.org\/wiki\/Interm%C3%A9dialit%C3%A9\">interm\u00e9diale<\/a> de l&rsquo;Oc\u00e9an Indien organis\u00e9e par le d\u00e9partement de recherche Afrika Mutiple de l&rsquo;Universit\u00e9 de Bayreuth pendant le FESTIVAL DU CINEMA AFRICAIN \u00e0 BAYREUTH (Allemagne)<\/strong><\/p>\n\n\n\n<!--more-->\n\n\n<div class=\"wp-block-image\">\n<figure class=\"aligncenter\"><img loading=\"lazy\" decoding=\"async\" width=\"212\" height=\"300\" src=\"https:\/\/taoravao.com\/wp-content\/uploads\/2021\/09\/AFFICHE-Tao-Ravao-Vincent-Bucher-VDMM-ERMITAGE-11-2021-500-212x300.jpg\" alt=\"\" class=\"wp-image-1057\" srcset=\"https:\/\/taoravao.com\/wp-content\/uploads\/2021\/09\/AFFICHE-Tao-Ravao-Vincent-Bucher-VDMM-ERMITAGE-11-2021-500-212x300.jpg 212w, https:\/\/taoravao.com\/wp-content\/uploads\/2021\/09\/AFFICHE-Tao-Ravao-Vincent-Bucher-VDMM-ERMITAGE-11-2021-500.jpg 353w\" sizes=\"auto, (max-width: 212px) 100vw, 212px\" \/><\/figure>\n<\/div>\n\n\n<p><strong>03.11.2021 TAO RAVAO et Vincent BUCHER en duo<br>au STUDIO DE L&rsquo;ERMITAGE \u00e0 Paris (75)<br>pour le Festival Villes des Musiques du Monde<\/strong><\/p>\n\n\n\n<hr class=\"wp-block-separator aligncenter has-alpha-channel-opacity\"\/>\n\n\n<div class=\"wp-block-image\">\n<figure class=\"aligncenter\"><img loading=\"lazy\" decoding=\"async\" width=\"212\" height=\"300\" src=\"https:\/\/taoravao.com\/wp-content\/uploads\/2021\/08\/projectiles-tao-11-09-2021-212x300.jpg\" alt=\"\" class=\"wp-image-1055\" srcset=\"https:\/\/taoravao.com\/wp-content\/uploads\/2021\/08\/projectiles-tao-11-09-2021-212x300.jpg 212w, https:\/\/taoravao.com\/wp-content\/uploads\/2021\/08\/projectiles-tao-11-09-2021-724x1024.jpg 724w, https:\/\/taoravao.com\/wp-content\/uploads\/2021\/08\/projectiles-tao-11-09-2021-768x1086.jpg 768w, https:\/\/taoravao.com\/wp-content\/uploads\/2021\/08\/projectiles-tao-11-09-2021.jpg 843w\" sizes=\"auto, (max-width: 212px) 100vw, 212px\" \/><\/figure>\n<\/div>\n\n\n<hr class=\"wp-block-separator has-alpha-channel-opacity\"\/>\n\n\n<div class=\"wp-block-image\">\n<figure class=\"aligncenter\"><img loading=\"lazy\" decoding=\"async\" width=\"300\" height=\"201\" src=\"https:\/\/taoravao.com\/wp-content\/uploads\/2021\/07\/CRL_tao_ravao_202107-300x201.jpg\" alt=\"\" class=\"wp-image-1050\" srcset=\"https:\/\/taoravao.com\/wp-content\/uploads\/2021\/07\/CRL_tao_ravao_202107-300x201.jpg 300w, https:\/\/taoravao.com\/wp-content\/uploads\/2021\/07\/CRL_tao_ravao_202107-448x300.jpg 448w, https:\/\/taoravao.com\/wp-content\/uploads\/2021\/07\/CRL_tao_ravao_202107.jpg 544w\" sizes=\"auto, (max-width: 300px) 100vw, 300px\" \/><\/figure>\n<\/div>\n\n\n<p><strong>25.05.2021 TAO RAVAO et Thoms LAURENT en duo<br>\u00e0 19h00 \u00e0 <a href=\"https:\/\/www.crl10.net\/blog\/tao-ravao-thomas-laurent\">la Grange aux Belles<\/a>, place Robert Desnos 75010 PARIS<\/strong><\/p>\n\n\n\n<hr class=\"wp-block-separator has-alpha-channel-opacity\"\/>\n\n\n\n<p><strong>16 et 17.07.2021 TAO RAVAO et Vincent BUCHER en duo<\/strong><br><strong>\u00e0 la <a href=\"http:\/\/museedublues.free.fr\/Programmation\/2019\/05\/Tao.html\">Maison du Blues<\/a> 41160 Saint Hilaire la Gravelle<\/strong><\/p>\n\n\n<div class=\"wp-block-image\">\n<figure class=\"aligncenter\"><img loading=\"lazy\" decoding=\"async\" width=\"212\" height=\"300\" src=\"https:\/\/taoravao.com\/wp-content\/uploads\/2021\/07\/Concert-Tao-Ravao-Meschers-2021-07-212x300.jpg\" alt=\"\" class=\"wp-image-1046\" srcset=\"https:\/\/taoravao.com\/wp-content\/uploads\/2021\/07\/Concert-Tao-Ravao-Meschers-2021-07-212x300.jpg 212w, https:\/\/taoravao.com\/wp-content\/uploads\/2021\/07\/Concert-Tao-Ravao-Meschers-2021-07-724x1024.jpg 724w, https:\/\/taoravao.com\/wp-content\/uploads\/2021\/07\/Concert-Tao-Ravao-Meschers-2021-07-768x1086.jpg 768w, https:\/\/taoravao.com\/wp-content\/uploads\/2021\/07\/Concert-Tao-Ravao-Meschers-2021-07-1086x1536.jpg 1086w, https:\/\/taoravao.com\/wp-content\/uploads\/2021\/07\/Concert-Tao-Ravao-Meschers-2021-07.jpg 1316w\" sizes=\"auto, (max-width: 212px) 100vw, 212px\" \/><\/figure>\n<\/div>\n\n\n<p><strong>21.07.2021 TAO RAVAO et Vincent BUCHER en duo<br>\u00e0 17132 Meschers sur Gironde (Concert gratuit en plein air)<\/strong><\/p>\n\n\n\n<hr class=\"wp-block-separator has-alpha-channel-opacity\"\/>\n\n\n<div class=\"wp-block-image\">\n<figure class=\"aligncenter\"><img loading=\"lazy\" decoding=\"async\" width=\"212\" height=\"300\" src=\"https:\/\/taoravao.com\/wp-content\/uploads\/2021\/07\/AFFICHE-2021-NB-Tao-Ravao-Vincent-Bucher-21-300p-C700-212x300.jpg\" alt=\"\" class=\"wp-image-1045\" srcset=\"https:\/\/taoravao.com\/wp-content\/uploads\/2021\/07\/AFFICHE-2021-NB-Tao-Ravao-Vincent-Bucher-21-300p-C700-212x300.jpg 212w, https:\/\/taoravao.com\/wp-content\/uploads\/2021\/07\/AFFICHE-2021-NB-Tao-Ravao-Vincent-Bucher-21-300p-C700.jpg 495w\" sizes=\"auto, (max-width: 212px) 100vw, 212px\" \/><\/figure>\n<\/div>\n\n\n<p><strong>30.07.2021 TAO RAVAO et Vincent BUCHER en duo<br>\u00e0 21h00 \u00e0 <a href=\"https:\/\/www.facebook.com\/lamusardieresaintes\">La Musardi\u00e8re<\/a>, Saintes (17)<\/strong><\/p>\n\n\n\n<hr class=\"wp-block-separator has-alpha-channel-opacity\"\/>\n\n\n<div class=\"wp-block-image\">\n<figure class=\"aligncenter\"><a href=\"https:\/\/taoravao.com\/wp-content\/uploads\/2020\/02\/Tao-Ravao-et-Vincent-Bucher-couv-La-vie-continue-500.png\" target=\"_blank\" rel=\"noopener noreferrer\"><img loading=\"lazy\" decoding=\"async\" width=\"300\" height=\"219\" src=\"https:\/\/taoravao.com\/wp-content\/uploads\/2020\/02\/Tao-Ravao-et-Vincent-Bucher-couv-La-vie-continue-500-300x219.png\" alt=\"\" class=\"wp-image-788\" srcset=\"https:\/\/taoravao.com\/wp-content\/uploads\/2020\/02\/Tao-Ravao-et-Vincent-Bucher-couv-La-vie-continue-500-300x219.png 300w, https:\/\/taoravao.com\/wp-content\/uploads\/2020\/02\/Tao-Ravao-et-Vincent-Bucher-couv-La-vie-continue-500-411x300.png 411w, https:\/\/taoravao.com\/wp-content\/uploads\/2020\/02\/Tao-Ravao-et-Vincent-Bucher-couv-La-vie-continue-500.png 685w\" sizes=\"auto, (max-width: 300px) 100vw, 300px\" \/><\/a><\/figure>\n<\/div>\n\n\n<p><strong>24.07.2020 TAO RAVAO et Vincent BUCHER en duo<\/strong><br><strong>+ <a href=\"https:\/\/www.facebook.com\/events\/322488802248335\/\">Cin\u00e9 plein air \u00ab\u00a0Les Blues Brothers\u00a0\u00bb<\/a><br>VENDREDI 24 JUILLET 2020 \u00e0 20h30<br>au Fort d&rsquo;Aubervilliers (M\u00b0 Fort d&rsquo;Aubervilliers) Aubervilliers <\/strong>(93)<br>dans le cadre de l&rsquo;op\u00e9ration<strong><a href=\"http:\/\/collectifmdm-idf.org\/2020\/06\/13\/la-vie-continue-les-propositions-artistiques\/\" target=\"_blank\" rel=\"noopener noreferrer\">La vie continue, du Collectif Musiques et Danses du monde en \u00cele de France<\/a><\/strong><\/p>\n\n\n\n<hr class=\"wp-block-separator has-alpha-channel-opacity\"\/>\n\n\n<div class=\"wp-block-image\">\n<figure class=\"aligncenter\"><img loading=\"lazy\" decoding=\"async\" width=\"287\" height=\"300\" src=\"https:\/\/taoravao.com\/wp-content\/uploads\/2019\/11\/event_tao-ravao-vincent-bucher-au-au-theatre-des-forges-royales-a-guerigny-58-festival-blues-en-loire_185945-287x300.jpg\" alt=\"\" class=\"wp-image-774\" srcset=\"https:\/\/taoravao.com\/wp-content\/uploads\/2019\/11\/event_tao-ravao-vincent-bucher-au-au-theatre-des-forges-royales-a-guerigny-58-festival-blues-en-loire_185945-287x300.jpg 287w, https:\/\/taoravao.com\/wp-content\/uploads\/2019\/11\/event_tao-ravao-vincent-bucher-au-au-theatre-des-forges-royales-a-guerigny-58-festival-blues-en-loire_185945.jpg 700w\" sizes=\"auto, (max-width: 287px) 100vw, 287px\" \/><\/figure>\n<\/div>\n\n\n<p><span style=\"color: #651c01;\"><strong>19.01.2020 TAO RAVAO et Vincent BUCHER en duo<\/strong><br>au <strong><a href=\"http:\/\/www.ville-guerigny.fr\/spip.php?article428\">Th\u00e9\u00e2tre des Forges Royales<\/a><\/strong> de<strong> Guerigny<\/strong> (58)<\/span><\/p>\n\n\n\n<hr class=\"wp-block-separator has-alpha-channel-opacity\"\/>\n\n\n<div class=\"wp-block-image\">\n<figure class=\"aligncenter\"><img loading=\"lazy\" decoding=\"async\" width=\"894\" height=\"400\" src=\"https:\/\/taoravao.com\/wp-content\/uploads\/2019\/10\/Tao-Bayreuth-Einleger_Final-page-001-400.jpg\" alt=\"\" class=\"wp-image-721\" srcset=\"https:\/\/taoravao.com\/wp-content\/uploads\/2019\/10\/Tao-Bayreuth-Einleger_Final-page-001-400.jpg 894w, https:\/\/taoravao.com\/wp-content\/uploads\/2019\/10\/Tao-Bayreuth-Einleger_Final-page-001-400-300x134.jpg 300w, https:\/\/taoravao.com\/wp-content\/uploads\/2019\/10\/Tao-Bayreuth-Einleger_Final-page-001-400-768x344.jpg 768w, https:\/\/taoravao.com\/wp-content\/uploads\/2019\/10\/Tao-Bayreuth-Einleger_Final-page-001-400-500x224.jpg 500w\" sizes=\"auto, (max-width: 894px) 100vw, 894px\" \/><\/figure>\n<\/div>\n\n\n<p><strong>du 23 au 31.10.2019 TAO RAVAO en r\u00e9sidence \u00e0 BAYREUTH (Allemagne)<br>31.10.2019 TAO RAVAO \u00e0 BAYREUTH (Allemagne)<\/strong><br>Spectacles \u00ab&nbsp;<a href=\"https:\/\/www.facebook.com\/events\/2258077334318653\/\"><strong><em>Cordes du Monde<\/em><\/strong><\/a>&nbsp;\u00bb (Mozambique, Cor\u00e9e, Madagascar) \u00e0 l\u2019<strong><a href=\"https:\/\/fr.wikipedia.org\/wiki\/Op%C3%A9ra_des_Margraves\">Op\u00e9ra des Margraves, <\/a><\/strong>un site UNESCO World Heritage.<\/p>\n\n\n\n<hr class=\"wp-block-separator has-alpha-channel-opacity\"\/>\n\n\n<div class=\"wp-block-image\">\n<figure class=\"aligncenter\"><a href=\"https:\/\/www.facebook.com\/events\/2442697172625585\/\"><img loading=\"lazy\" decoding=\"async\" width=\"300\" height=\"141\" src=\"https:\/\/taoravao.com\/wp-content\/uploads\/2019\/09\/QuaiDuBlues1-300x141.jpg\" alt=\"\" class=\"wp-image-706\" srcset=\"https:\/\/taoravao.com\/wp-content\/uploads\/2019\/09\/QuaiDuBlues1-300x141.jpg 300w, https:\/\/taoravao.com\/wp-content\/uploads\/2019\/09\/QuaiDuBlues1-768x360.jpg 768w, https:\/\/taoravao.com\/wp-content\/uploads\/2019\/09\/QuaiDuBlues1-500x234.jpg 500w, https:\/\/taoravao.com\/wp-content\/uploads\/2019\/09\/QuaiDuBlues1.jpg 960w\" sizes=\"auto, (max-width: 300px) 100vw, 300px\" \/><\/a><\/figure>\n<\/div>\n\n\n<p><strong>28.09.2019 TAO RAVAO et Vincent BUCHER en duo<\/strong><br>au <strong><a href=\"https:\/\/www.facebook.com\/events\/2442697172625585\/\">Quai du Blues<\/a><\/strong> \u00e0 Saintes (17)<\/p>\n\n\n\n<p><strong>18.09.2019 TAO RAVAO et Jean-Luc RAHARIMANANA<\/strong><br>\u00e0 Tours (37)<\/p>\n\n\n<div class=\"wp-block-image\">\n<figure class=\"aligncenter\"><img loading=\"lazy\" decoding=\"async\" width=\"300\" height=\"141\" src=\"https:\/\/taoravao.com\/wp-content\/uploads\/2019\/09\/QuaiDuBlues1-300x141.jpg\" alt=\"\" class=\"wp-image-706\" srcset=\"https:\/\/taoravao.com\/wp-content\/uploads\/2019\/09\/QuaiDuBlues1-300x141.jpg 300w, https:\/\/taoravao.com\/wp-content\/uploads\/2019\/09\/QuaiDuBlues1-768x360.jpg 768w, https:\/\/taoravao.com\/wp-content\/uploads\/2019\/09\/QuaiDuBlues1-500x234.jpg 500w, https:\/\/taoravao.com\/wp-content\/uploads\/2019\/09\/QuaiDuBlues1.jpg 960w\" sizes=\"auto, (max-width: 300px) 100vw, 300px\" \/><\/figure>\n<\/div>\n\n\n<p><strong>31.08.2019 TAO RAVAO et Vincent BUCHER en duo<br><\/strong>au <strong><a href=\"https:\/\/www.facebook.com\/events\/2442697172625585\/\">Quai du Blues<\/a><\/strong> \u00e0 Saintes (17)<\/p>\n\n\n<div class=\"wp-block-image\">\n<figure class=\"aligncenter\"><a href=\"http:\/\/www.rendezvouserdre.com\/portfolio\/tao-ravao-et-vincent-bucher\/\"><img loading=\"lazy\" decoding=\"async\" width=\"150\" height=\"150\" src=\"https:\/\/taoravao.com\/wp-content\/uploads\/2019\/04\/rendez-vous-de-l-erdre-2019-150x150.jpg\" alt=\"\" class=\"wp-image-694\" srcset=\"https:\/\/taoravao.com\/wp-content\/uploads\/2019\/04\/rendez-vous-de-l-erdre-2019-150x150.jpg 150w, https:\/\/taoravao.com\/wp-content\/uploads\/2019\/04\/rendez-vous-de-l-erdre-2019-300x300.jpg 300w, https:\/\/taoravao.com\/wp-content\/uploads\/2019\/04\/rendez-vous-de-l-erdre-2019.jpg 350w\" sizes=\"auto, (max-width: 150px) 100vw, 150px\" \/><\/a><\/figure>\n<\/div>\n\n\n<p><strong>31.08.2019 TAO RAVAO en Quartet<br><\/strong>Festival <a href=\"http:\/\/www.rendezvouserdre.com\/portfolio\/tao-ravao-et-vincent-bucher\/\">Rendez Vous de l&rsquo;Erdre<\/a> \u00e0 Suc\u00e9 s\/Erdre \/ Nantes (44)<\/p>\n\n\n\n<p><strong>du 19 au 25.05.2019 TAO RAVAO avec des musiciens sud-africains<\/strong><br>\u00e0 <strong>Bayreuth (Allemagne)<\/strong><\/p>\n\n\n<div class=\"wp-block-image\">\n<figure class=\"aligncenter\"><img loading=\"lazy\" decoding=\"async\" width=\"300\" height=\"127\" src=\"https:\/\/taoravao.com\/wp-content\/uploads\/2019\/03\/LaMaisonduBlues-300x127.jpg\" alt=\"\" class=\"wp-image-688\" srcset=\"https:\/\/taoravao.com\/wp-content\/uploads\/2019\/03\/LaMaisonduBlues-300x127.jpg 300w, https:\/\/taoravao.com\/wp-content\/uploads\/2019\/03\/LaMaisonduBlues-768x326.jpg 768w, https:\/\/taoravao.com\/wp-content\/uploads\/2019\/03\/LaMaisonduBlues-500x212.jpg 500w, https:\/\/taoravao.com\/wp-content\/uploads\/2019\/03\/LaMaisonduBlues.jpg 920w\" sizes=\"auto, (max-width: 300px) 100vw, 300px\" \/><\/figure>\n<\/div>\n\n\n<p><strong>11 et 12.05.2019 TAO RAVAO et Vincent BUCHER en duo<\/strong><br>\u00e0 la <a href=\"http:\/\/museedublues.free.fr\/Programmation\/2019\/05\/Tao.html\">Maison du Blues<\/a> 41160 <strong>Saint Hilaire la Gravelle<\/strong><\/p>\n\n\n\n<p><strong>du 17 au 27.04.2019 TAO RAVAO et Jean-Luc RAHARIMANANA<\/strong><br>\u00ab\u00a0<a href=\"https:\/\/taoravao.com\/index.php\/jeune-public\/contes-de-la-grande-ile\/\">Les contes de la Grande \u00cele<\/a>\u00a0\u00bb \u00e0 <strong>MAYOTTE<\/strong> (976)<\/p>\n\n\n<div class=\"wp-block-image\">\n<figure class=\"aligncenter\"><a href=\"https:\/\/www.facebook.com\/events\/375274096360535\/\"><img loading=\"lazy\" decoding=\"async\" width=\"150\" height=\"150\" src=\"https:\/\/taoravao.com\/wp-content\/uploads\/2019\/03\/Auberkitchen-logo-150x150.png\" alt=\"\" class=\"wp-image-685\" srcset=\"https:\/\/taoravao.com\/wp-content\/uploads\/2019\/03\/Auberkitchen-logo-150x150.png 150w, https:\/\/taoravao.com\/wp-content\/uploads\/2019\/03\/Auberkitchen-logo-300x300.png 300w, https:\/\/taoravao.com\/wp-content\/uploads\/2019\/03\/Auberkitchen-logo.png 430w\" sizes=\"auto, (max-width: 150px) 100vw, 150px\" \/><\/a><\/figure>\n<\/div>\n\n\n<p><strong>05.04.2018&nbsp; TAO RAVAO &amp; Thomas LAURENT en duo<\/strong><br>\u00e0 <a href=\"https:\/\/www.facebook.com\/events\/375274096360535\/\">Auberkitchen<\/a>, 20 rue L\u00e9cuyer \u00e0<strong> Aubervilliers<\/strong> (93)<\/p>\n\n\n<div class=\"wp-block-image\">\n<figure class=\"aligncenter\"><img loading=\"lazy\" decoding=\"async\" width=\"100\" height=\"139\" src=\"https:\/\/taoravao.com\/wp-content\/uploads\/2018\/12\/tao-plessisTrevise-2019.jpg\" alt=\"tao-plessisTrevise-2019\" class=\"wp-image-680\"\/><\/figure>\n<\/div>\n\n\n<p class=\"has-text-align-left\"><strong>16.03.2019 TAO RAVAO et Thomas LAURENT en duo <\/strong><br><a href=\"https:\/\/www.leplessistrevise.fr\/plessis-pratique\/agenda.html#1039\">M\u00e9diath\u00e8que Jacques Duhamel<\/a> du Plessis-Trevise(94)<\/p>\n\n\n<div class=\"wp-block-image\">\n<figure class=\"aligncenter\"><img loading=\"lazy\" decoding=\"async\" width=\"300\" height=\"214\" src=\"https:\/\/taoravao.com\/wp-content\/uploads\/2018\/12\/TaoRavao-CabbaretMalgache-23032019-EpinaysOrge-300x214.png\" alt=\"TaoRavao-CabaretMalgache-23032019-EpinaysOrge\" class=\"wp-image-679\" srcset=\"https:\/\/taoravao.com\/wp-content\/uploads\/2018\/12\/TaoRavao-CabbaretMalgache-23032019-EpinaysOrge-300x214.png 300w, https:\/\/taoravao.com\/wp-content\/uploads\/2018\/12\/TaoRavao-CabbaretMalgache-23032019-EpinaysOrge-768x547.png 768w, https:\/\/taoravao.com\/wp-content\/uploads\/2018\/12\/TaoRavao-CabbaretMalgache-23032019-EpinaysOrge-421x300.png 421w, https:\/\/taoravao.com\/wp-content\/uploads\/2018\/12\/TaoRavao-CabbaretMalgache-23032019-EpinaysOrge.png 956w\" sizes=\"auto, (max-width: 300px) 100vw, 300px\" \/><\/figure>\n<\/div>\n\n\n<p class=\"has-text-align-left\"><strong>23.03.2019 TAO RAVAO et Thomas LAURENT en duo<br><\/strong>\u00e0 20h00 \u00e0 la salle des f\u00eates d&rsquo;Epinay s\/Orge (91)<br><a href=\"https:\/\/amif.asso-web.com\/\">www.amif-mad.com<\/a><\/p>\n\n\n\n<p class=\"has-text-align-left\">du <strong>02 au 11.02.2018&nbsp; TAO RAVAO &amp; Thomas LAURENT en duo<\/strong><br>\u00e0 <strong>CAYENNE<\/strong> en <strong>GUYANE<\/strong><\/p>\n\n\n\n<p><strong>14.12.2018&nbsp; TAO RAVAO &amp; Thomas LAURENT en duo<\/strong><br>\u00e0 <a href=\"https:\/\/www.facebook.com\/events\/266831834005102\/\">Auberkitchen<\/a>, 20 rue L\u00e9cuyer \u00e0 Aubervilliers (93)<\/p>\n\n\n<div class=\"wp-block-image\">\n<figure class=\"aligncenter\"><img loading=\"lazy\" decoding=\"async\" width=\"212\" height=\"300\" src=\"https:\/\/taoravao.com\/wp-content\/uploads\/2018\/08\/PLUMEDAFRIQUE-2018-400-212x300.jpg\" alt=\"\" class=\"wp-image-644\" srcset=\"https:\/\/taoravao.com\/wp-content\/uploads\/2018\/08\/PLUMEDAFRIQUE-2018-400-212x300.jpg 212w, https:\/\/taoravao.com\/wp-content\/uploads\/2018\/08\/PLUMEDAFRIQUE-2018-400.jpg 292w\" sizes=\"auto, (max-width: 212px) 100vw, 212px\" \/><\/figure>\n<\/div>\n\n\n<p><strong>30.11 et 01.12.2018 TAO RAVAO et Jean-Luc RAHARIMANANA<\/strong><br><strong><a href=\"http:\/\/www.plumesdafrique37.fr\/\">Plumes d&rsquo;Afrique<\/a><\/strong> \u00e0 TOURS (37)<\/p>\n\n\n\n<p><strong>22.11.2018 TAO RAVAO et Vincent BUCHER en duo<\/strong><br><strong><a href=\"http:\/\/www.musiquesaucomptoir.fr\/programmation.php\">Musiques au Comptoir<\/a> <\/strong>Halle Roublot \u00e0 Fontenay-sous-bois (94)<\/p>\n\n\n<div class=\"wp-block-image\">\n<figure class=\"aligncenter\"><img loading=\"lazy\" decoding=\"async\" width=\"300\" height=\"47\" src=\"https:\/\/taoravao.com\/wp-content\/uploads\/2018\/08\/So-Blues2018-b-300x47.jpg\" alt=\"\" class=\"wp-image-643\" srcset=\"https:\/\/taoravao.com\/wp-content\/uploads\/2018\/08\/So-Blues2018-b-300x47.jpg 300w, https:\/\/taoravao.com\/wp-content\/uploads\/2018\/08\/So-Blues2018-b.jpg 393w\" sizes=\"auto, (max-width: 300px) 100vw, 300px\" \/><\/figure>\n<\/div>\n\n\n<p><strong>15.11.2018 TAO RAVAO et Vincent BUCHER en quartet<\/strong><br>au festival So Blues&nbsp; au MANS (71)<\/p>\n\n\n<div class=\"wp-block-image\">\n<figure class=\"aligncenter\"><img loading=\"lazy\" decoding=\"async\" width=\"212\" height=\"300\" src=\"https:\/\/taoravao.com\/wp-content\/uploads\/2018\/08\/PLUMEDAFRIQUE-2018-400-212x300.jpg\" alt=\"\" class=\"wp-image-644\" srcset=\"https:\/\/taoravao.com\/wp-content\/uploads\/2018\/08\/PLUMEDAFRIQUE-2018-400-212x300.jpg 212w, https:\/\/taoravao.com\/wp-content\/uploads\/2018\/08\/PLUMEDAFRIQUE-2018-400.jpg 292w\" sizes=\"auto, (max-width: 212px) 100vw, 212px\" \/><\/figure>\n<\/div>\n\n\n<p><strong>16 et 17.11.2018 TAO RAVAO et Jean-Luc RAHARIMANANA<\/strong><br><strong><a href=\"http:\/\/www.plumesdafrique37.fr\/\">Plumes d&rsquo;Afrique<\/a><\/strong> \u00e0 TOURS (37)<\/p>\n\n\n\n<p><strong>TAO RAVAO et Jean-Luc RAHARIMANANA<br>\u00ab\u00a0<em><a href=\"\/index.php\/spectacles\/parfois-le-vide\/\">Parfois le vide<\/a><\/em>\u00ab\u00a0<br>avec Jean-Christophe Feldhandler et G\u00e9raldine Keller<\/strong><br>&#8211; le 09.11.2018 \u00e0 St Pierre des Corps &#8211; Plumes d\u2019Afrique<\/p>\n\n\n\n<p><strong>Du 15.10 au 27.10 TAO RAVAO&nbsp; \u00e0 La R\u00e9union<\/strong><br>r\u00e9sidence des Malagasy Guitar Masters aux Bambous<\/p>\n\n\n\n<p><strong>13.10.2018 TAO RAVAO et Jean-Luc RAHARIMANANA<\/strong><br>\u00ab\u00a0Les contes de la Grande \u00cele\u00a0\u00bb &#8211; dans le cadre d&rsquo;<strong><a href=\"http:\/\/www.culture-evreux.fr\/exploitation\/\">Un apr\u00e8s-midi et une nuit \u00e0 Madagascar<\/a><\/strong> \u00e0 la M\u00e9diath\u00e8que Rolland-Plaissance \u00e0 EVREUX (27)<\/p>\n\n\n<div class=\"wp-block-image\">\n<figure class=\"aligncenter\"><img loading=\"lazy\" decoding=\"async\" width=\"300\" height=\"176\" src=\"https:\/\/taoravao.com\/wp-content\/uploads\/2018\/08\/Francophonies-Limousin-2018-300x176.jpg\" alt=\"\" class=\"wp-image-637\" srcset=\"https:\/\/taoravao.com\/wp-content\/uploads\/2018\/08\/Francophonies-Limousin-2018-300x176.jpg 300w, https:\/\/taoravao.com\/wp-content\/uploads\/2018\/08\/Francophonies-Limousin-2018-768x452.jpg 768w, https:\/\/taoravao.com\/wp-content\/uploads\/2018\/08\/Francophonies-Limousin-2018-500x294.jpg 500w, https:\/\/taoravao.com\/wp-content\/uploads\/2018\/08\/Francophonies-Limousin-2018.jpg 850w\" sizes=\"auto, (max-width: 300px) 100vw, 300px\" \/><\/figure>\n<\/div>\n\n\n<p><strong>04.10.2018 TAO RAVAO et Thomas LAURENT en duo<\/strong><br>aux&nbsp; <strong><a href=\"http:\/\/www.lesfrancophonies.fr\/Parfois-le-vide\">Francophonies en Limousin<\/a><\/strong> \u00e0&nbsp;LIMOGES (87)<br><strong>\u00e0 Ambazac<\/strong> &#8211; Espace Mont Gerbassou &#8211; Jeu. 4\/10 &#8211; 20h30<\/p>\n\n\n\n<p><strong>TAO RAVAO et Jean-Luc RAHARIMANANA<br>\u00ab\u00a0<em><a href=\"\/index.php\/spectacles\/parfois-le-vide\/\">Parfois le vide<\/a><\/em>\u00ab\u00a0<br>avec Jean-Christophe Feldhandler et G\u00e9raldine Keller<\/strong><br>&#8211; les 02 et 03.10.2018 \u00e0 20h30 aux&nbsp; <strong><a href=\"http:\/\/www.lesfrancophonies.fr\/Parfois-le-vide\">Francophonies en Limousin<\/a><\/strong> au CCM John Lennon \u00e0 LIMOGES (87)<\/p>\n\n\n\n<p><strong>27, 28 et 29.09.2018 TAO RAVAO et Thomas LAURENT en duo<\/strong><br>aux&nbsp; <strong><a href=\"http:\/\/www.lesfrancophonies.fr\/Parfois-le-vide\">Francophonies en Limousin<\/a><\/strong> \u00e0&nbsp;LIMOGES (87)<br><strong>\u00e0 Limoges<\/strong> &#8211; C\u00f4t\u00e9 Jardin &#8211; Jeu. 27\/09 \u00e0 18h30<br class=\"autobr\"><strong>\u00e0 Rilhac Rancon<\/strong> &#8211; Auditorium de la M\u00e9diath\u00e8que &#8211; Ven. 28\/09 &#8211; 20h30<br class=\"autobr\"><strong>\u00e0 Aixe sur Vienne<\/strong> &#8211; Centre culturel Jacques Pr\u00e9vert Sam. 29\/09 &#8211; 20h30<\/p>\n\n\n<div class=\"wp-block-image\">\n<figure class=\"aligncenter\"><img loading=\"lazy\" decoding=\"async\" width=\"150\" height=\"96\" src=\"https:\/\/taoravao.com\/wp-content\/uploads\/2018\/07\/farniente-e1533047175574.png\" alt=\"\" class=\"wp-image-627\"\/><\/figure>\n<\/div>\n\n\n<p><strong>20.07.2018 TAO RAVAO et Thomas LAURENT en quartet<br>avec Jean-No\u00ebl GODARD et Axel RASOANAIVO<\/strong><br>au festival du farniente \u00e0 SAINT-NAZAIRE (44)<\/p>\n\n\n\n<p><strong>13.07.2018 TAO RAVAO et Thomas LAURENT en duo<\/strong><br>Blues Transe Madagascar<br>\u00e0 20h30 au Gallia 34 rue Mehul 93500 PANTIN<\/p>\n\n\n\n<p><strong>TAO RAVAO \u00e0 la m\u00e9diath\u00e8que FRANCOIS RABELAIS \u00e0 Gennevilliers (92)<br><\/strong><span style=\"color: #651c01;\">\u00ab\u00a0<a href=\"\/jeune-public\/des-cotes-africaines-aux-rives-du-mississipi\/\"><em>Des c\u00f4tes africaines aux rives du Mississipi<\/em><\/a>\u00ab\u00a0<br>du 15 mai au 12 Juillet 2018<\/span><\/p>\n\n\n\n<p><strong>21.06.2018 TAO RAVAO et Thomas LAURENT en duo<\/strong><br>F\u00caTE DE LA MUSIQUE \u00e0 GENNEVILLIERS (92)<\/p>\n\n\n\n<p><strong>28.04.2018 TAO RAVAO et Vincent BUCHER en quartet<br><\/strong><strong>avec Koto BRAWA et Axel RASOANAIVO<br>\u00e0 l\u2019EUROPA JAZZ au MANS (71)<\/strong><\/p>\n\n\n\n<p><strong>27.04.2018 TAO RAVAO et Vincent BUCHER en trio avec Koto BRAWA<br>\u00e0 l&rsquo;ESPACE LANGEVIN \u00e0 Choisy Le Roi (94)<\/strong><\/p>\n\n\n\n<p><strong>24.04.2018 TAO RAVAO et Thomas LAURENT en duo<br>Blues Transe Madagascar<br>\u00e0 20h30 au Gallia 34 rue Mehul 93500 PANTIN<\/strong><\/p>\n\n\n\n<p><strong>TAO RAVAO et Jean-Luc RAHARIMANANA<br><\/strong><strong>\u00ab\u00a0<em><a href=\"\/index.php\/spectacles\/parfois-le-vide\/\">Parfois le vide\u00a0\u00bb<\/a><\/em><\/strong><br><strong> avec Jean-Christophe Feldhandler et G\u00e9raldine Keller<\/strong><br>&#8211; <strong>les 16, 22, 23, 29, 30 et 31.03.2018 <a>THEATRE ANTOINE VITEZ<\/a><\/strong><br><strong>94200 Ivry\/Seine&nbsp;<\/strong><strong><br>&#8211; les <\/strong><strong>20 et 21.03.2018 au <a href=\"http:\/\/www.letarmac.fr\/la-saison\/spectacles\/p_s-parfois-le-vide\/spectacle-146\/\" target=\"_blank\" rel=\"noopener noreferrer\">TARMAC<\/a> \u00e0 Paris 75020<br>dans le cadre du festival \u00abTravers\u00e9es africaine\u00bb<br>&#8211; les 20 et 21.04.2018 au Th\u00e9\u00e2tre Studio Alfortville<\/strong><\/p>\n\n\n\n<p><strong><s>09.02.2018<\/s>\/\/\/REPORTE AU 27.04.2018\/\/<br>TAO RAVAO et Vincent BUCHER en trio<\/strong><br><strong>\u00e0 20h <a>Espace Langevin \u00e0 Choisy le roi<\/a> (94)<\/strong><\/p>\n\n\n\n<p><strong>06.02.2018 TAO RAVAO et Thomas LAURENT + &#8230;<\/strong><br><strong> \u00e0 20h30 au <a href=\"http:\/\/www.studio-ermitage.com\/index.php\/agenda\/date\/tao-ravao-1\" target=\"_blank\" rel=\"noopener noreferrer\">Studio de L&rsquo;Ermitage<\/a>, Paris (75)<\/strong><\/p>\n\n\n\n<p><strong>02.12.2017 TAO RAVAO et Thomas LAURENT en trio avec Koto BRAWA<br>\u00e0 16h00 au Conservatoire de Musique et de Danse<br>3, Place Anatole France au Pr\u00e9 St Gervais (93)<br>avec <a href=\"http:\/\/www.africolor.com\/artiste\/tao-ravao\/\" target=\"_blank\" rel=\"noopener noreferrer\">AFRICOLOR<\/a><\/strong><\/p>\n","protected":false},"excerpt":{"rendered":"<p>Concerts &amp; Spectacles d\u00e9j\u00e0 pass\u00e9s 20.03.2026 TAO RAVAO et Za\u00efna DJAILANILecture musicale \u00e0 la librairie L&rsquo;ACACIA \u00e0 Paris (75003) du 17 au 25.01.2026 TAO RAVAO &amp; Jean-Luc RAHARIMANANA \u00ab\u00a0Rano, Rano\u00a0\u00bb \u00e0 L&rsquo;Astronef \u00e0 Marseille (13) 06.09.2025 TAO RAVAO, Vincent BUCHER &hellip; <a href=\"https:\/\/taoravao.com\/index.php\/2026\/05\/02\/concerts-spectacles-deja-passes\/\">Continuer la lecture <span class=\"meta-nav\">&rarr;<\/span><\/a><\/p>\n","protected":false},"author":1,"featured_media":0,"comment_status":"closed","ping_status":"closed","sticky":false,"template":"","format":"standard","meta":{"footnotes":""},"categories":[3,4],"tags":[],"class_list":["post-612","post","type-post","status-publish","format-standard","hentry","category-dates-de-concerts","category-dates-de-spectacles"],"yoast_head":"<!-- This site is optimized with the Yoast SEO plugin v27.4 - https:\/\/yoast.com\/product\/yoast-seo-wordpress\/ -->\n<title>Concerts &amp; Spectacles d\u00e9j\u00e0 pass\u00e9s &#8226; taoravao.com<\/title>\n<meta name=\"description\" content=\"Concerts &amp; Spectacles d\u00e9j\u00e0 pass\u00e9s de Tao RAVAO et Vincent BUCHER, Tao RAVAO et Thomas LAURENT, Tao RAVAO et JL RAHARIMANANA\" \/>\n<meta name=\"robots\" content=\"index, follow, max-snippet:-1, max-image-preview:large, max-video-preview:-1\" \/>\n<link rel=\"canonical\" href=\"https:\/\/taoravao.com\/index.php\/2026\/05\/02\/concerts-spectacles-deja-passes\/\" \/>\n<link rel=\"next\" href=\"https:\/\/taoravao.com\/index.php\/2026\/05\/02\/concerts-spectacles-deja-passes\/2\/\" \/>\n<meta property=\"og:locale\" content=\"fr_FR\" \/>\n<meta property=\"og:type\" content=\"article\" \/>\n<meta property=\"og:title\" content=\"Concerts &amp; Spectacles d\u00e9j\u00e0 pass\u00e9s &#8226; taoravao.com\" \/>\n<meta property=\"og:description\" content=\"Concerts &amp; Spectacles d\u00e9j\u00e0 pass\u00e9s de Tao RAVAO et Vincent BUCHER, Tao RAVAO et Thomas LAURENT, Tao RAVAO et JL RAHARIMANANA\" \/>\n<meta property=\"og:url\" content=\"https:\/\/taoravao.com\/index.php\/2026\/05\/02\/concerts-spectacles-deja-passes\/\" \/>\n<meta property=\"og:site_name\" content=\"taoravao.com\" \/>\n<meta property=\"article:publisher\" content=\"https:\/\/www.facebook.com\/tao.ravao\" \/>\n<meta property=\"article:author\" content=\"https:\/\/www.facebook.com\/tao.ravao\" \/>\n<meta property=\"article:published_time\" content=\"2026-05-02T15:00:00+00:00\" \/>\n<meta property=\"article:modified_time\" content=\"2026-05-02T15:43:27+00:00\" \/>\n<meta property=\"og:image\" content=\"https:\/\/taoravao.com\/wp-content\/uploads\/2025\/11\/2026-03-20-lecture-Gombessa-Tao.jpg\" \/>\n\t<meta property=\"og:image:width\" content=\"1440\" \/>\n\t<meta property=\"og:image:height\" content=\"1910\" \/>\n\t<meta property=\"og:image:type\" content=\"image\/jpeg\" \/>\n<meta name=\"author\" content=\"Tao Ravao\" \/>\n<meta name=\"twitter:card\" content=\"summary_large_image\" \/>\n<meta name=\"twitter:label1\" content=\"\u00c9crit par\" \/>\n\t<meta name=\"twitter:data1\" content=\"Tao Ravao\" \/>\n\t<meta name=\"twitter:label2\" content=\"Dur\u00e9e de lecture estim\u00e9e\" \/>\n\t<meta name=\"twitter:data2\" content=\"22 minutes\" \/>\n<script type=\"application\/ld+json\" class=\"yoast-schema-graph\">{\"@context\":\"https:\\\/\\\/schema.org\",\"@graph\":[{\"@type\":\"Article\",\"@id\":\"https:\\\/\\\/taoravao.com\\\/index.php\\\/2026\\\/05\\\/02\\\/concerts-spectacles-deja-passes\\\/#article\",\"isPartOf\":{\"@id\":\"https:\\\/\\\/taoravao.com\\\/index.php\\\/2026\\\/05\\\/02\\\/concerts-spectacles-deja-passes\\\/\"},\"author\":{\"name\":\"Tao Ravao\",\"@id\":\"https:\\\/\\\/taoravao.com\\\/#\\\/schema\\\/person\\\/d7bc9657a7ebef05f83d4ec677dcb67f\"},\"headline\":\"Concerts &#038; Spectacles d\u00e9j\u00e0 pass\u00e9s\",\"datePublished\":\"2026-05-02T15:00:00+00:00\",\"dateModified\":\"2026-05-02T15:43:27+00:00\",\"mainEntityOfPage\":{\"@id\":\"https:\\\/\\\/taoravao.com\\\/index.php\\\/2026\\\/05\\\/02\\\/concerts-spectacles-deja-passes\\\/\"},\"wordCount\":1601,\"publisher\":{\"@id\":\"https:\\\/\\\/taoravao.com\\\/#\\\/schema\\\/person\\\/d7bc9657a7ebef05f83d4ec677dcb67f\"},\"image\":{\"@id\":\"https:\\\/\\\/taoravao.com\\\/index.php\\\/2026\\\/05\\\/02\\\/concerts-spectacles-deja-passes\\\/#primaryimage\"},\"thumbnailUrl\":\"https:\\\/\\\/taoravao.com\\\/wp-content\\\/uploads\\\/2025\\\/11\\\/2026-03-20-lecture-Gombessa-Tao-772x1024.jpg\",\"articleSection\":[\"Dates de concerts\",\"Dates de spectacles\"],\"inLanguage\":\"fr-FR\"},{\"@type\":\"WebPage\",\"@id\":\"https:\\\/\\\/taoravao.com\\\/index.php\\\/2026\\\/05\\\/02\\\/concerts-spectacles-deja-passes\\\/\",\"url\":\"https:\\\/\\\/taoravao.com\\\/index.php\\\/2026\\\/05\\\/02\\\/concerts-spectacles-deja-passes\\\/\",\"name\":\"Concerts & Spectacles d\u00e9j\u00e0 pass\u00e9s &#8226; taoravao.com\",\"isPartOf\":{\"@id\":\"https:\\\/\\\/taoravao.com\\\/#website\"},\"primaryImageOfPage\":{\"@id\":\"https:\\\/\\\/taoravao.com\\\/index.php\\\/2026\\\/05\\\/02\\\/concerts-spectacles-deja-passes\\\/#primaryimage\"},\"image\":{\"@id\":\"https:\\\/\\\/taoravao.com\\\/index.php\\\/2026\\\/05\\\/02\\\/concerts-spectacles-deja-passes\\\/#primaryimage\"},\"thumbnailUrl\":\"https:\\\/\\\/taoravao.com\\\/wp-content\\\/uploads\\\/2025\\\/11\\\/2026-03-20-lecture-Gombessa-Tao-772x1024.jpg\",\"datePublished\":\"2026-05-02T15:00:00+00:00\",\"dateModified\":\"2026-05-02T15:43:27+00:00\",\"description\":\"Concerts & Spectacles d\u00e9j\u00e0 pass\u00e9s de Tao RAVAO et Vincent BUCHER, Tao RAVAO et Thomas LAURENT, Tao RAVAO et JL RAHARIMANANA\",\"inLanguage\":\"fr-FR\",\"potentialAction\":[{\"@type\":\"ReadAction\",\"target\":[\"https:\\\/\\\/taoravao.com\\\/index.php\\\/2026\\\/05\\\/02\\\/concerts-spectacles-deja-passes\\\/\"]}]},{\"@type\":\"ImageObject\",\"inLanguage\":\"fr-FR\",\"@id\":\"https:\\\/\\\/taoravao.com\\\/index.php\\\/2026\\\/05\\\/02\\\/concerts-spectacles-deja-passes\\\/#primaryimage\",\"url\":\"https:\\\/\\\/taoravao.com\\\/wp-content\\\/uploads\\\/2025\\\/11\\\/2026-03-20-lecture-Gombessa-Tao.jpg\",\"contentUrl\":\"https:\\\/\\\/taoravao.com\\\/wp-content\\\/uploads\\\/2025\\\/11\\\/2026-03-20-lecture-Gombessa-Tao.jpg\",\"width\":1440,\"height\":1910},{\"@type\":\"WebSite\",\"@id\":\"https:\\\/\\\/taoravao.com\\\/#website\",\"url\":\"https:\\\/\\\/taoravao.com\\\/\",\"name\":\"taoravao.com\",\"description\":\".:: Racines Crois\u00e9es ::. Crossover .:: Tao Ravao\",\"publisher\":{\"@id\":\"https:\\\/\\\/taoravao.com\\\/#\\\/schema\\\/person\\\/d7bc9657a7ebef05f83d4ec677dcb67f\"},\"potentialAction\":[{\"@type\":\"SearchAction\",\"target\":{\"@type\":\"EntryPoint\",\"urlTemplate\":\"https:\\\/\\\/taoravao.com\\\/?s={search_term_string}\"},\"query-input\":{\"@type\":\"PropertyValueSpecification\",\"valueRequired\":true,\"valueName\":\"search_term_string\"}}],\"inLanguage\":\"fr-FR\"},{\"@type\":[\"Person\",\"Organization\"],\"@id\":\"https:\\\/\\\/taoravao.com\\\/#\\\/schema\\\/person\\\/d7bc9657a7ebef05f83d4ec677dcb67f\",\"name\":\"Tao Ravao\",\"image\":{\"@type\":\"ImageObject\",\"inLanguage\":\"fr-FR\",\"@id\":\"https:\\\/\\\/secure.gravatar.com\\\/avatar\\\/109d540ccbbf002726bfd6e50bc49a1a88b06858ed302ec48b5f98b88527c8b1?s=96&d=mm&r=g\",\"url\":\"https:\\\/\\\/secure.gravatar.com\\\/avatar\\\/109d540ccbbf002726bfd6e50bc49a1a88b06858ed302ec48b5f98b88527c8b1?s=96&d=mm&r=g\",\"contentUrl\":\"https:\\\/\\\/secure.gravatar.com\\\/avatar\\\/109d540ccbbf002726bfd6e50bc49a1a88b06858ed302ec48b5f98b88527c8b1?s=96&d=mm&r=g\",\"caption\":\"Tao Ravao\"},\"logo\":{\"@id\":\"https:\\\/\\\/secure.gravatar.com\\\/avatar\\\/109d540ccbbf002726bfd6e50bc49a1a88b06858ed302ec48b5f98b88527c8b1?s=96&d=mm&r=g\"},\"sameAs\":[\"http:\\\/\\\/www.taoravao.com\",\"https:\\\/\\\/www.facebook.com\\\/tao.ravao\"]}]}<\/script>\n<!-- \/ Yoast SEO plugin. -->","yoast_head_json":{"title":"Concerts & Spectacles d\u00e9j\u00e0 pass\u00e9s &#8226; taoravao.com","description":"Concerts & Spectacles d\u00e9j\u00e0 pass\u00e9s de Tao RAVAO et Vincent BUCHER, Tao RAVAO et Thomas LAURENT, Tao RAVAO et JL RAHARIMANANA","robots":{"index":"index","follow":"follow","max-snippet":"max-snippet:-1","max-image-preview":"max-image-preview:large","max-video-preview":"max-video-preview:-1"},"canonical":"https:\/\/taoravao.com\/index.php\/2026\/05\/02\/concerts-spectacles-deja-passes\/","next":"https:\/\/taoravao.com\/index.php\/2026\/05\/02\/concerts-spectacles-deja-passes\/2\/","og_locale":"fr_FR","og_type":"article","og_title":"Concerts & Spectacles d\u00e9j\u00e0 pass\u00e9s &#8226; taoravao.com","og_description":"Concerts & Spectacles d\u00e9j\u00e0 pass\u00e9s de Tao RAVAO et Vincent BUCHER, Tao RAVAO et Thomas LAURENT, Tao RAVAO et JL RAHARIMANANA","og_url":"https:\/\/taoravao.com\/index.php\/2026\/05\/02\/concerts-spectacles-deja-passes\/","og_site_name":"taoravao.com","article_publisher":"https:\/\/www.facebook.com\/tao.ravao","article_author":"https:\/\/www.facebook.com\/tao.ravao","article_published_time":"2026-05-02T15:00:00+00:00","article_modified_time":"2026-05-02T15:43:27+00:00","og_image":[{"width":1440,"height":1910,"url":"https:\/\/taoravao.com\/wp-content\/uploads\/2025\/11\/2026-03-20-lecture-Gombessa-Tao.jpg","type":"image\/jpeg"}],"author":"Tao Ravao","twitter_card":"summary_large_image","twitter_misc":{"\u00c9crit par":"Tao Ravao","Dur\u00e9e de lecture estim\u00e9e":"22 minutes"},"schema":{"@context":"https:\/\/schema.org","@graph":[{"@type":"Article","@id":"https:\/\/taoravao.com\/index.php\/2026\/05\/02\/concerts-spectacles-deja-passes\/#article","isPartOf":{"@id":"https:\/\/taoravao.com\/index.php\/2026\/05\/02\/concerts-spectacles-deja-passes\/"},"author":{"name":"Tao Ravao","@id":"https:\/\/taoravao.com\/#\/schema\/person\/d7bc9657a7ebef05f83d4ec677dcb67f"},"headline":"Concerts &#038; Spectacles d\u00e9j\u00e0 pass\u00e9s","datePublished":"2026-05-02T15:00:00+00:00","dateModified":"2026-05-02T15:43:27+00:00","mainEntityOfPage":{"@id":"https:\/\/taoravao.com\/index.php\/2026\/05\/02\/concerts-spectacles-deja-passes\/"},"wordCount":1601,"publisher":{"@id":"https:\/\/taoravao.com\/#\/schema\/person\/d7bc9657a7ebef05f83d4ec677dcb67f"},"image":{"@id":"https:\/\/taoravao.com\/index.php\/2026\/05\/02\/concerts-spectacles-deja-passes\/#primaryimage"},"thumbnailUrl":"https:\/\/taoravao.com\/wp-content\/uploads\/2025\/11\/2026-03-20-lecture-Gombessa-Tao-772x1024.jpg","articleSection":["Dates de concerts","Dates de spectacles"],"inLanguage":"fr-FR"},{"@type":"WebPage","@id":"https:\/\/taoravao.com\/index.php\/2026\/05\/02\/concerts-spectacles-deja-passes\/","url":"https:\/\/taoravao.com\/index.php\/2026\/05\/02\/concerts-spectacles-deja-passes\/","name":"Concerts & Spectacles d\u00e9j\u00e0 pass\u00e9s &#8226; taoravao.com","isPartOf":{"@id":"https:\/\/taoravao.com\/#website"},"primaryImageOfPage":{"@id":"https:\/\/taoravao.com\/index.php\/2026\/05\/02\/concerts-spectacles-deja-passes\/#primaryimage"},"image":{"@id":"https:\/\/taoravao.com\/index.php\/2026\/05\/02\/concerts-spectacles-deja-passes\/#primaryimage"},"thumbnailUrl":"https:\/\/taoravao.com\/wp-content\/uploads\/2025\/11\/2026-03-20-lecture-Gombessa-Tao-772x1024.jpg","datePublished":"2026-05-02T15:00:00+00:00","dateModified":"2026-05-02T15:43:27+00:00","description":"Concerts & Spectacles d\u00e9j\u00e0 pass\u00e9s de Tao RAVAO et Vincent BUCHER, Tao RAVAO et Thomas LAURENT, Tao RAVAO et JL RAHARIMANANA","inLanguage":"fr-FR","potentialAction":[{"@type":"ReadAction","target":["https:\/\/taoravao.com\/index.php\/2026\/05\/02\/concerts-spectacles-deja-passes\/"]}]},{"@type":"ImageObject","inLanguage":"fr-FR","@id":"https:\/\/taoravao.com\/index.php\/2026\/05\/02\/concerts-spectacles-deja-passes\/#primaryimage","url":"https:\/\/taoravao.com\/wp-content\/uploads\/2025\/11\/2026-03-20-lecture-Gombessa-Tao.jpg","contentUrl":"https:\/\/taoravao.com\/wp-content\/uploads\/2025\/11\/2026-03-20-lecture-Gombessa-Tao.jpg","width":1440,"height":1910},{"@type":"WebSite","@id":"https:\/\/taoravao.com\/#website","url":"https:\/\/taoravao.com\/","name":"taoravao.com","description":".:: Racines Crois\u00e9es ::. Crossover .:: Tao Ravao","publisher":{"@id":"https:\/\/taoravao.com\/#\/schema\/person\/d7bc9657a7ebef05f83d4ec677dcb67f"},"potentialAction":[{"@type":"SearchAction","target":{"@type":"EntryPoint","urlTemplate":"https:\/\/taoravao.com\/?s={search_term_string}"},"query-input":{"@type":"PropertyValueSpecification","valueRequired":true,"valueName":"search_term_string"}}],"inLanguage":"fr-FR"},{"@type":["Person","Organization"],"@id":"https:\/\/taoravao.com\/#\/schema\/person\/d7bc9657a7ebef05f83d4ec677dcb67f","name":"Tao Ravao","image":{"@type":"ImageObject","inLanguage":"fr-FR","@id":"https:\/\/secure.gravatar.com\/avatar\/109d540ccbbf002726bfd6e50bc49a1a88b06858ed302ec48b5f98b88527c8b1?s=96&d=mm&r=g","url":"https:\/\/secure.gravatar.com\/avatar\/109d540ccbbf002726bfd6e50bc49a1a88b06858ed302ec48b5f98b88527c8b1?s=96&d=mm&r=g","contentUrl":"https:\/\/secure.gravatar.com\/avatar\/109d540ccbbf002726bfd6e50bc49a1a88b06858ed302ec48b5f98b88527c8b1?s=96&d=mm&r=g","caption":"Tao Ravao"},"logo":{"@id":"https:\/\/secure.gravatar.com\/avatar\/109d540ccbbf002726bfd6e50bc49a1a88b06858ed302ec48b5f98b88527c8b1?s=96&d=mm&r=g"},"sameAs":["http:\/\/www.taoravao.com","https:\/\/www.facebook.com\/tao.ravao"]}]}},"_links":{"self":[{"href":"https:\/\/taoravao.com\/index.php\/wp-json\/wp\/v2\/posts\/612","targetHints":{"allow":["GET"]}}],"collection":[{"href":"https:\/\/taoravao.com\/index.php\/wp-json\/wp\/v2\/posts"}],"about":[{"href":"https:\/\/taoravao.com\/index.php\/wp-json\/wp\/v2\/types\/post"}],"author":[{"embeddable":true,"href":"https:\/\/taoravao.com\/index.php\/wp-json\/wp\/v2\/users\/1"}],"replies":[{"embeddable":true,"href":"https:\/\/taoravao.com\/index.php\/wp-json\/wp\/v2\/comments?post=612"}],"version-history":[{"count":67,"href":"https:\/\/taoravao.com\/index.php\/wp-json\/wp\/v2\/posts\/612\/revisions"}],"predecessor-version":[{"id":1479,"href":"https:\/\/taoravao.com\/index.php\/wp-json\/wp\/v2\/posts\/612\/revisions\/1479"}],"wp:attachment":[{"href":"https:\/\/taoravao.com\/index.php\/wp-json\/wp\/v2\/media?parent=612"}],"wp:term":[{"taxonomy":"category","embeddable":true,"href":"https:\/\/taoravao.com\/index.php\/wp-json\/wp\/v2\/categories?post=612"},{"taxonomy":"post_tag","embeddable":true,"href":"https:\/\/taoravao.com\/index.php\/wp-json\/wp\/v2\/tags?post=612"}],"curies":[{"name":"wp","href":"https:\/\/api.w.org\/{rel}","templated":true}]}}